{"id":55542,"date":"2024-05-29T06:35:46","date_gmt":"2024-05-29T12:35:46","guid":{"rendered":"https:\/\/elinformante.mx\/?p=55542"},"modified":"2024-05-29T06:35:47","modified_gmt":"2024-05-29T12:35:47","slug":"bloqueo-en-costera-por-falta-de-agua-exigen-el-servicio-con-pipas","status":"publish","type":"post","link":"https:\/\/elinformante.mx\/?p=55542","title":{"rendered":"Bloqueo en Costera por falta de agua: exigen el servicio con pipas"},"content":{"rendered":"\n<blockquote class=\"wp-block-quote is-layout-flow wp-block-quote-is-layout-flow\">\n<p>Vecinos de distintas colonias de Acapulco exigen a las autoridades de gobierno el abastecimiento del servicio de agua potable con pipas en sus hogares.<\/p>\n<\/blockquote>\n\n\n\n<p>Este martes de nueva cuenta se registr\u00f3 un bloqueo en la costera Miguel Alem\u00e1n, en el puerto de Acapulco, Guerrero.<br><\/p>\n\n\n\n<p>Fueron vecinos de las colonias El Porvenir, Amalia Sol\u00f3rzano, Altos de Miramar quinta etapa, quienes decidieron hacer la interrupci\u00f3n de la circulaci\u00f3n en direcci\u00f3n Base -Centro, frente al Palacio Federal, para exigir a las autoridades se les abastezca del servicio de pipas.<br><\/p>\n\n\n\n<p>Con pancartas en mano alrededor de 20 personas impidieron el paso a los automovilistas para reiterar la exigencia a las autoridades del abastecimiento del vital l\u00edquido en sus hogares.<br><\/p>\n\n\n\n<p>\u201cEstamos aqu\u00ed porque las pipas dependen de Sedesol y ellos ni siquiera nos toman las llamadas, hace 15 d\u00edas cerramos Llano largo para exigir que nos mandaran el servicio quedaron ellos que el d\u00eda del lunes nos iban a mandar dos pipas y no nos mandaron nada\u201d, dijo uno de los afectados.<br><\/p>\n\n\n\n<p>Se detall\u00f3 que las colonias son conformadas por 13 comit\u00e9s de los cuales cada uno se integra por 10 familias y les env\u00edan 3 pipas para todos cada semana o quince d\u00edas, sin embargo, desde hace d\u00edas no se les ha brindado el servicio ya que ellos no cuentan con red sanitaria ni agua potable.<br><\/p>\n\n\n\n<p>Expusieron que la candidata Abelina L\u00f3pez Rodr\u00edguez fue a prometerles que les dar\u00eda agua, ella, no obstante, refiri\u00f3 la manifestante que anda en campa\u00f1a y sus empleados no les atienden.<\/p>\n","protected":false},"excerpt":{"rendered":"<p>Vecinos de distintas colonias de Acapulco exigen a las autoridades de gobierno el abastecimiento del servicio de agua potable con pipas en sus hogares. Este martes de nueva cuenta se registr\u00f3 un bloqueo en la costera Miguel Alem\u00e1n, en el puerto de Acapulco, Guerrero. Fueron vecinos de las colonias El Porvenir, Amalia Sol\u00f3rzano, Altos de [&hellip;]<\/p>\n","protected":false},"author":1,"featured_media":55543,"comment_status":"closed","ping_status":"closed","sticky":false,"template":"","format":"standard","meta":{"footnotes":""},"categories":[34],"tags":[],"class_list":["post-55542","post","type-post","status-publish","format-standard","has-post-thumbnail","hentry","category-nacional"],"_links":{"self":[{"href":"https:\/\/elinformante.mx\/index.php?rest_route=\/wp\/v2\/posts\/55542","targetHints":{"allow":["GET"]}}],"collection":[{"href":"https:\/\/elinformante.mx\/index.php?rest_route=\/wp\/v2\/posts"}],"about":[{"href":"https:\/\/elinformante.mx\/index.php?rest_route=\/wp\/v2\/types\/post"}],"author":[{"embeddable":true,"href":"https:\/\/elinformante.mx\/index.php?rest_route=\/wp\/v2\/users\/1"}],"replies":[{"embeddable":true,"href":"https:\/\/elinformante.mx\/index.php?rest_route=%2Fwp%2Fv2%2Fcomments&post=55542"}],"version-history":[{"count":0,"href":"https:\/\/elinformante.mx\/index.php?rest_route=\/wp\/v2\/posts\/55542\/revisions"}],"wp:featuredmedia":[{"embeddable":true,"href":"https:\/\/elinformante.mx\/index.php?rest_route=\/wp\/v2\/media\/55543"}],"wp:attachment":[{"href":"https:\/\/elinformante.mx\/index.php?rest_route=%2Fwp%2Fv2%2Fmedia&parent=55542"}],"wp:term":[{"taxonomy":"category","embeddable":true,"href":"https:\/\/elinformante.mx\/index.php?rest_route=%2Fwp%2Fv2%2Fcategories&post=55542"},{"taxonomy":"post_tag","embeddable":true,"href":"https:\/\/elinformante.mx\/index.php?rest_route=%2Fwp%2Fv2%2Ftags&post=55542"}],"curies":[{"name":"wp","href":"https:\/\/api.w.org\/{rel}","templated":true}]}}