{"id":55551,"date":"2024-05-29T06:43:31","date_gmt":"2024-05-29T12:43:31","guid":{"rendered":"https:\/\/elinformante.mx\/?p=55551"},"modified":"2024-05-29T06:43:32","modified_gmt":"2024-05-29T12:43:32","slug":"sheinbaum-se-siente-ganadora-sin-haber-pasado-la-votacion","status":"publish","type":"post","link":"https:\/\/elinformante.mx\/?p=55551","title":{"rendered":"Sheinbaum se siente ganadora sin haber pasado la votaci\u00f3n"},"content":{"rendered":"\n<blockquote class=\"wp-block-quote is-layout-flow wp-block-quote-is-layout-flow\">\n<p>La abanderada oficialista cerr\u00f3 su campa\u00f1a antes de las elecciones del pr\u00f3ximo 2 de junio en la Velaria de la Feria, en Le\u00f3n.<\/p>\n<\/blockquote>\n\n\n\n<p>En la Velaria de la Feria de Le\u00f3n, la gente se dio cita al evento de la candidata de Morena a la Presidencia de M\u00e9xico, que acudi\u00f3 a la ciudad cuerera para finalizar su campa\u00f1a a unos d\u00edas de la elecci\u00f3n.<br><\/p>\n\n\n\n<p>Sheinbaum ten\u00eda que llegar a la una de la tarde, pero desde las 12:00 del d\u00eda, decenas de camiones cargados de hombres y mujeres procedentes de distintas comunidades llegaron Le\u00f3n para recibirla por \u00faltima vez, antes del 2 de junio.<br><\/p>\n\n\n\n<p>A las dos de la tarde por fin lleg\u00f3 Claudia Sheinbaum y la gente se volc\u00f3 en torno a ella y camin\u00f3 entre decenas de personas que le rogaban por una foto, por darle la mano o para que escuchara sus peticiones.<br><\/p>\n\n\n\n<figure class=\"wp-block-image size-large\"><img fetchpriority=\"high\" decoding=\"async\" width=\"1024\" height=\"503\" src=\"https:\/\/elinformante.mx\/wp-content\/uploads\/2024\/05\/10SHEINBAUM-2-8-1024x503.jpg\" alt=\"\" class=\"wp-image-55553\" srcset=\"https:\/\/elinformante.mx\/wp-content\/uploads\/2024\/05\/10SHEINBAUM-2-8-1024x503.jpg 1024w, https:\/\/elinformante.mx\/wp-content\/uploads\/2024\/05\/10SHEINBAUM-2-8-300x147.jpg 300w, https:\/\/elinformante.mx\/wp-content\/uploads\/2024\/05\/10SHEINBAUM-2-8-768x377.jpg 768w, https:\/\/elinformante.mx\/wp-content\/uploads\/2024\/05\/10SHEINBAUM-2-8-580x285.jpg 580w, https:\/\/elinformante.mx\/wp-content\/uploads\/2024\/05\/10SHEINBAUM-2-8-860x422.jpg 860w, https:\/\/elinformante.mx\/wp-content\/uploads\/2024\/05\/10SHEINBAUM-2-8.jpg 1140w\" sizes=\"(max-width: 1024px) 100vw, 1024px\" \/><\/figure>\n\n\n\n<p>A 4 d\u00edas de que la presidencia de M\u00e9xico y la gubernatura de Guanajuato la definan los ciudadanos, Claudia dijo sus \u00faltimas palabras en Guanajuato antes de las Elecciones. Se refiri\u00f3 al actual mandatario federal como \u201cUno de los mejores presidentes de todo el planeta. \u00a1M\u00e9xico, M\u00e9xico!\u201d.<br><\/p>\n\n\n\n<p>Habl\u00f3 de la pobreza y la gente agit\u00f3 sus banderas. Centr\u00f3 su discurso en la remoci\u00f3n del fiscal Carlos Zamarripa, en la garant\u00eda de los apoyos sociales y agreg\u00f3 algo: dar apoyos sociales a las mujeres mayores de 65 a\u00f1os. El rev\u00e9s a la Tarjeta Rosa del PAN.<br><\/p>\n\n\n\n<p>Pidi\u00f3 a los ciudadanos que cada uno de los que estaban en el evento llevaran este 2 de junio a 10 personas m\u00e1s a las casillas y les record\u00f3 que el voto es igual de importante sea de quien sea.<br><\/p>\n\n\n\n<p>M\u00e1s de 4 veces record\u00f3 que este domingo habr\u00e1 6 boletas y les pidi\u00f3 que en todas votar\u00e1n por Morena.<\/p>\n","protected":false},"excerpt":{"rendered":"<p>La abanderada oficialista cerr\u00f3 su campa\u00f1a antes de las elecciones del pr\u00f3ximo 2 de junio en la Velaria de la Feria, en Le\u00f3n. En la Velaria de la Feria de Le\u00f3n, la gente se dio cita al evento de la candidata de Morena a la Presidencia de M\u00e9xico, que acudi\u00f3 a la ciudad cuerera para [&hellip;]<\/p>\n","protected":false},"author":1,"featured_media":55552,"comment_status":"closed","ping_status":"closed","sticky":false,"template":"","format":"standard","meta":{"footnotes":""},"categories":[34],"tags":[],"class_list":["post-55551","post","type-post","status-publish","format-standard","has-post-thumbnail","hentry","category-nacional"],"_links":{"self":[{"href":"https:\/\/elinformante.mx\/index.php?rest_route=\/wp\/v2\/posts\/55551","targetHints":{"allow":["GET"]}}],"collection":[{"href":"https:\/\/elinformante.mx\/index.php?rest_route=\/wp\/v2\/posts"}],"about":[{"href":"https:\/\/elinformante.mx\/index.php?rest_route=\/wp\/v2\/types\/post"}],"author":[{"embeddable":true,"href":"https:\/\/elinformante.mx\/index.php?rest_route=\/wp\/v2\/users\/1"}],"replies":[{"embeddable":true,"href":"https:\/\/elinformante.mx\/index.php?rest_route=%2Fwp%2Fv2%2Fcomments&post=55551"}],"version-history":[{"count":0,"href":"https:\/\/elinformante.mx\/index.php?rest_route=\/wp\/v2\/posts\/55551\/revisions"}],"wp:featuredmedia":[{"embeddable":true,"href":"https:\/\/elinformante.mx\/index.php?rest_route=\/wp\/v2\/media\/55552"}],"wp:attachment":[{"href":"https:\/\/elinformante.mx\/index.php?rest_route=%2Fwp%2Fv2%2Fmedia&parent=55551"}],"wp:term":[{"taxonomy":"category","embeddable":true,"href":"https:\/\/elinformante.mx\/index.php?rest_route=%2Fwp%2Fv2%2Fcategories&post=55551"},{"taxonomy":"post_tag","embeddable":true,"href":"https:\/\/elinformante.mx\/index.php?rest_route=%2Fwp%2Fv2%2Ftags&post=55551"}],"curies":[{"name":"wp","href":"https:\/\/api.w.org\/{rel}","templated":true}]}}