{"id":55559,"date":"2024-05-29T06:48:07","date_gmt":"2024-05-29T12:48:07","guid":{"rendered":"https:\/\/elinformante.mx\/?p=55559"},"modified":"2024-05-29T06:48:08","modified_gmt":"2024-05-29T12:48:08","slug":"la-mediania-de-un-hombre-mediano","status":"publish","type":"post","link":"https:\/\/elinformante.mx\/?p=55559","title":{"rendered":"LA MEDIAN\u00cdA DE UN HOMBRE MEDIANO"},"content":{"rendered":"\n<blockquote class=\"wp-block-quote is-layout-flow wp-block-quote-is-layout-flow\">\n<p><strong>Por Helga Kauffman<\/strong><\/p>\n<\/blockquote>\n\n\n\n<p>A Andr\u00e9s Manuel L\u00f3pez Obrador hay muchas cosas que le enfadan, o como se dir\u00eda en forma m\u00e1s del pueblo, \u201cle enmuina\u201d, pero algo que en verdad le genera repulsi\u00f3n, son las llamadas clases medias.<br><\/p>\n\n\n\n<p>La raz\u00f3n puede ser simple, ya que estas clases medias, que suele llamar \u201caspiracionistas\u201d, tienen mejor educaci\u00f3n y m\u00e1s acceso a la informaci\u00f3n, adem\u00e1s es un sector que no depende de sus d\u00e1divas para subsistir y, por ende, no est\u00e1n obligados electoralmente a apoyar a quien, en teor\u00eda, les puede dar o quitar un apoyo elemental de supervivencia.<br><\/p>\n\n\n\n<p>Hay que mencionar que en nuestro pa\u00eds, hasta antes de la irrupci\u00f3n de este r\u00e9gimen, se formaban clases medias con un mejor acceso a los servicios de salud, de vivienda o de educaci\u00f3n.<br><\/p>\n\n\n\n<p>Sin embargo, todas esas prestaciones sociales que daban independencia se canjearon por \u201csiervo de la naci\u00f3n\u201d que llega a la puerta con las d\u00e1divas asistencialistas \u201ca nombre del presidente L\u00f3pez Obrador\u201d.<br><\/p>\n\n\n\n<p>Tambi\u00e9n se debe ver que las clases medias trabajan, reciben un sueldo, pagan impuestos y no ven correspondencia de sus trituraciones en muchos de los servicios p\u00fablicos que reciben y por lo tanto cuestionan a sus gobiernos.<br><\/p>\n\n\n\n<p>Es por ello que son un escollo para el populismo, para los populistas demagogos.<br><\/p>\n\n\n\n<p>No debe perderse de vista que los populismos se nutren de la pobreza y la pobreza se reproduce en la informalidad y que M\u00e9xico tiene una fuerza laboral mayoritariamente instalada en ese espacio oscuro de incumplimiento.<br><\/p>\n\n\n\n<p>El Inegi se\u00f1ala que al arranque de este a\u00f1o 32.1 millones de personas que obtuvieron alg\u00fan ingreso, trabajaron en la informalidad.<br><\/p>\n\n\n\n<p>Por ende se puede deducir que, tras las elecciones, se podr\u00e1 evaluar la forma de operar del modelo clientelar-electoral, pero a nadie sorprender\u00e1 que sus mejores resultados los obtendr\u00e1n en aquellas entidades donde predomina la informalidad y la pobreza de la mano de obra.<br><\/p>\n\n\n\n<p>Huelga se\u00f1alar que, a mayores \u00edndices de informalidad y pobreza, hay mayor dependencia del asistencialismo y mejores resultados para sus causas electorales.<br><\/p>\n\n\n\n<p>Veamos: los estados con mayores \u00edndices de trabajo informal, de acuerdo con la m\u00e1s reciente Encuesta Nacional de Ocupaci\u00f3n y Empleo al cierre del primer trimestre de este a\u00f1o, publicada este lunes por el Inegi, fueron Oaxaca, con el 81%; Guerrero, con el 79%; y Chiapas e Hidalgo, con el 71%, cuatro entidades con graves problemas de pobreza.<br><\/p>\n\n\n\n<p>En dichas entidades, los que gobiernan son quienes controlan los recursos presupuestales federales y por lo tanto la repartici\u00f3n de los programas asistencialistas, llamados del Bienestar y, con todo, son los estados que reportan el mayor porcentaje de pobres entre su poblaci\u00f3n; curiosamente, son estados con gobernantes de Morena.<br><\/p>\n\n\n\n<p>Es m\u00e1s que evidente que existe un marcado desprecio a las clases medias, informadas e independientes, que no tienen que cambiar su voluntad electoral por recursos p\u00fablicos condicionados al voto.<br><\/p>\n\n\n\n<p>As\u00ed las cosas, el 2 de junio est\u00e1 muy cerca y se ver\u00e1 que, el voto del hambre, puede encumbrar a un grup\u00fasculo que se encuentra empe\u00f1ado en seguir sangrando al pueblo y llenando sus bolsillos del dinero del pueblo.<\/p>\n","protected":false},"excerpt":{"rendered":"<p>Por Helga Kauffman A Andr\u00e9s Manuel L\u00f3pez Obrador hay muchas cosas que le enfadan, o como se dir\u00eda en forma m\u00e1s del pueblo, \u201cle enmuina\u201d, pero algo que en verdad le genera repulsi\u00f3n, son las llamadas clases medias. La raz\u00f3n puede ser simple, ya que estas clases medias, que suele llamar \u201caspiracionistas\u201d, tienen mejor educaci\u00f3n [&hellip;]<\/p>\n","protected":false},"author":1,"featured_media":55560,"comment_status":"closed","ping_status":"closed","sticky":false,"template":"","format":"standard","meta":{"footnotes":""},"categories":[32],"tags":[],"class_list":["post-55559","post","type-post","status-publish","format-standard","has-post-thumbnail","hentry","category-editorial"],"_links":{"self":[{"href":"https:\/\/elinformante.mx\/index.php?rest_route=\/wp\/v2\/posts\/55559","targetHints":{"allow":["GET"]}}],"collection":[{"href":"https:\/\/elinformante.mx\/index.php?rest_route=\/wp\/v2\/posts"}],"about":[{"href":"https:\/\/elinformante.mx\/index.php?rest_route=\/wp\/v2\/types\/post"}],"author":[{"embeddable":true,"href":"https:\/\/elinformante.mx\/index.php?rest_route=\/wp\/v2\/users\/1"}],"replies":[{"embeddable":true,"href":"https:\/\/elinformante.mx\/index.php?rest_route=%2Fwp%2Fv2%2Fcomments&post=55559"}],"version-history":[{"count":0,"href":"https:\/\/elinformante.mx\/index.php?rest_route=\/wp\/v2\/posts\/55559\/revisions"}],"wp:featuredmedia":[{"embeddable":true,"href":"https:\/\/elinformante.mx\/index.php?rest_route=\/wp\/v2\/media\/55560"}],"wp:attachment":[{"href":"https:\/\/elinformante.mx\/index.php?rest_route=%2Fwp%2Fv2%2Fmedia&parent=55559"}],"wp:term":[{"taxonomy":"category","embeddable":true,"href":"https:\/\/elinformante.mx\/index.php?rest_route=%2Fwp%2Fv2%2Fcategories&post=55559"},{"taxonomy":"post_tag","embeddable":true,"href":"https:\/\/elinformante.mx\/index.php?rest_route=%2Fwp%2Fv2%2Ftags&post=55559"}],"curies":[{"name":"wp","href":"https:\/\/api.w.org\/{rel}","templated":true}]}}