{"id":56284,"date":"2024-06-07T05:30:24","date_gmt":"2024-06-07T11:30:24","guid":{"rendered":"https:\/\/elinformante.mx\/?p=56284"},"modified":"2024-06-07T05:30:25","modified_gmt":"2024-06-07T11:30:25","slug":"detienen-a-probable-involucrado-en-el-delito-de-violacion-agravada","status":"publish","type":"post","link":"https:\/\/elinformante.mx\/?p=56284","title":{"rendered":"Detienen a probable involucrado en el delito de violaci\u00f3n agravada"},"content":{"rendered":"\n<blockquote class=\"wp-block-quote is-layout-flow wp-block-quote-is-layout-flow\">\n<p>El detenido fue ingresado al CPRS de Santiaguito en donde continuar\u00e1 con su proceso judicial.<\/p>\n<\/blockquote>\n\n\n\n<p>En cumplimento a una orden de aprehensi\u00f3n, elementos de la Secretar\u00eda de Seguridad del Estado de M\u00e9xico (SSEM) en coordinaci\u00f3n con agentes de la Fiscal\u00eda General de Justicia del Estado de M\u00e9xico (FGJEM) y personal de la Comisi\u00f3n para la Atenci\u00f3n del Delito de Homicidio Doloso (CONAHO) detuvieron a un sujeto por su probable participaci\u00f3n en el delito de violaci\u00f3n agravada.<br><\/p>\n\n\n\n<p>Los uniformados de las dependencias implementaron estrategias con la finalidad de atender la orden judicial en contra de un hombre probablemente involucrado en dicho il\u00edcito.<br><\/p>\n\n\n\n<p>Tras realizar el despliegue operativo, as\u00ed como las investigaciones pertinentes, los uniformados detuvieron a Daniel \u201cN\u201d, de 34 a\u00f1os de edad, mismo que coincid\u00eda con las caracter\u00edsticas se\u00f1aladas en la carpeta de investigaci\u00f3n, a quien se le solicit\u00f3 una revisi\u00f3n apegada al protocolo de actuaci\u00f3n.<br><\/p>\n\n\n\n<p>Por lo cual, tras leerle los derechos que la ley confiere y luego de confirmar que se trataba del mismo individuo, lo presentaron en las instalaciones del Centro de Justicia para las Mujeres en la capital mexiquense; posteriormente fue remitido al Centro Penitenciario y de Reinserci\u00f3n Social (CPRS) de Santiaguito, donde continuar\u00e1 con su proceso judicial.<\/p>\n","protected":false},"excerpt":{"rendered":"<p>El detenido fue ingresado al CPRS de Santiaguito en donde continuar\u00e1 con su proceso judicial. En cumplimento a una orden de aprehensi\u00f3n, elementos de la Secretar\u00eda de Seguridad del Estado de M\u00e9xico (SSEM) en coordinaci\u00f3n con agentes de la Fiscal\u00eda General de Justicia del Estado de M\u00e9xico (FGJEM) y personal de la Comisi\u00f3n para la [&hellip;]<\/p>\n","protected":false},"author":1,"featured_media":56285,"comment_status":"closed","ping_status":"closed","sticky":false,"template":"","format":"standard","meta":{"footnotes":""},"categories":[36,37],"tags":[],"class_list":["post-56284","post","type-post","status-publish","format-standard","has-post-thumbnail","hentry","category-edomex","category-justicia"],"_links":{"self":[{"href":"https:\/\/elinformante.mx\/index.php?rest_route=\/wp\/v2\/posts\/56284","targetHints":{"allow":["GET"]}}],"collection":[{"href":"https:\/\/elinformante.mx\/index.php?rest_route=\/wp\/v2\/posts"}],"about":[{"href":"https:\/\/elinformante.mx\/index.php?rest_route=\/wp\/v2\/types\/post"}],"author":[{"embeddable":true,"href":"https:\/\/elinformante.mx\/index.php?rest_route=\/wp\/v2\/users\/1"}],"replies":[{"embeddable":true,"href":"https:\/\/elinformante.mx\/index.php?rest_route=%2Fwp%2Fv2%2Fcomments&post=56284"}],"version-history":[{"count":0,"href":"https:\/\/elinformante.mx\/index.php?rest_route=\/wp\/v2\/posts\/56284\/revisions"}],"wp:featuredmedia":[{"embeddable":true,"href":"https:\/\/elinformante.mx\/index.php?rest_route=\/wp\/v2\/media\/56285"}],"wp:attachment":[{"href":"https:\/\/elinformante.mx\/index.php?rest_route=%2Fwp%2Fv2%2Fmedia&parent=56284"}],"wp:term":[{"taxonomy":"category","embeddable":true,"href":"https:\/\/elinformante.mx\/index.php?rest_route=%2Fwp%2Fv2%2Fcategories&post=56284"},{"taxonomy":"post_tag","embeddable":true,"href":"https:\/\/elinformante.mx\/index.php?rest_route=%2Fwp%2Fv2%2Ftags&post=56284"}],"curies":[{"name":"wp","href":"https:\/\/api.w.org\/{rel}","templated":true}]}}