{"id":56287,"date":"2024-06-07T05:33:55","date_gmt":"2024-06-07T11:33:55","guid":{"rendered":"https:\/\/elinformante.mx\/?p=56287"},"modified":"2024-06-07T05:33:56","modified_gmt":"2024-06-07T11:33:56","slug":"llevaba-cadaver-en-un-triciclo-lo-denuncian-y-lo-detienen","status":"publish","type":"post","link":"https:\/\/elinformante.mx\/?p=56287","title":{"rendered":"Llevaba cad\u00e1ver en un triciclo; lo denuncian y lo detienen"},"content":{"rendered":"\n<blockquote class=\"wp-block-quote is-layout-flow wp-block-quote-is-layout-flow\">\n<p>El hombre manejaba un triciclo donde transportaba el cuerpo dentro de una alacena.<\/p>\n<\/blockquote>\n\n\n\n<p>Un hombre procedente de Chimalhuac\u00e1n, pretend\u00eda abandonar un cuerpo en el municipio de Los Reyes, La Paz, pero vecinos de la colonia La Festival, lo detuvieron, le \u201cleyeron sus derechos\u201d, le quemaron los pies, y lo entregaron a la polic\u00eda.<br><\/p>\n\n\n\n<p>El hombre se identific\u00f3 como Jes\u00fas Ordaz, manejaba un triciclo donde transportaba el cuerpo dentro de una alacena.<br><\/p>\n\n\n\n<p>Elementos de la Secretar\u00eda de Seguridad del Estado de M\u00e9xico fueron solicitados por los vecinos de la colonia La Festival, los cuales arribaron r\u00e1pidamente para hacer la detenci\u00f3n del individuo y as\u00ed ser presentado ante las autoridades correspondientes.<br><\/p>\n\n\n\n<p>La Fiscal\u00eda General de Justicia del Estado de M\u00e9xico inici\u00f3 una carpeta de investigaci\u00f3n para esclarecer los hechos suscitados este jueves por la ma\u00f1ana.<\/p>\n","protected":false},"excerpt":{"rendered":"<p>El hombre manejaba un triciclo donde transportaba el cuerpo dentro de una alacena. Un hombre procedente de Chimalhuac\u00e1n, pretend\u00eda abandonar un cuerpo en el municipio de Los Reyes, La Paz, pero vecinos de la colonia La Festival, lo detuvieron, le \u201cleyeron sus derechos\u201d, le quemaron los pies, y lo entregaron a la polic\u00eda. El hombre [&hellip;]<\/p>\n","protected":false},"author":1,"featured_media":56288,"comment_status":"closed","ping_status":"closed","sticky":false,"template":"","format":"standard","meta":{"footnotes":""},"categories":[36,37],"tags":[],"class_list":["post-56287","post","type-post","status-publish","format-standard","has-post-thumbnail","hentry","category-edomex","category-justicia"],"_links":{"self":[{"href":"https:\/\/elinformante.mx\/index.php?rest_route=\/wp\/v2\/posts\/56287","targetHints":{"allow":["GET"]}}],"collection":[{"href":"https:\/\/elinformante.mx\/index.php?rest_route=\/wp\/v2\/posts"}],"about":[{"href":"https:\/\/elinformante.mx\/index.php?rest_route=\/wp\/v2\/types\/post"}],"author":[{"embeddable":true,"href":"https:\/\/elinformante.mx\/index.php?rest_route=\/wp\/v2\/users\/1"}],"replies":[{"embeddable":true,"href":"https:\/\/elinformante.mx\/index.php?rest_route=%2Fwp%2Fv2%2Fcomments&post=56287"}],"version-history":[{"count":0,"href":"https:\/\/elinformante.mx\/index.php?rest_route=\/wp\/v2\/posts\/56287\/revisions"}],"wp:featuredmedia":[{"embeddable":true,"href":"https:\/\/elinformante.mx\/index.php?rest_route=\/wp\/v2\/media\/56288"}],"wp:attachment":[{"href":"https:\/\/elinformante.mx\/index.php?rest_route=%2Fwp%2Fv2%2Fmedia&parent=56287"}],"wp:term":[{"taxonomy":"category","embeddable":true,"href":"https:\/\/elinformante.mx\/index.php?rest_route=%2Fwp%2Fv2%2Fcategories&post=56287"},{"taxonomy":"post_tag","embeddable":true,"href":"https:\/\/elinformante.mx\/index.php?rest_route=%2Fwp%2Fv2%2Ftags&post=56287"}],"curies":[{"name":"wp","href":"https:\/\/api.w.org\/{rel}","templated":true}]}}