{"id":56290,"date":"2024-06-07T05:35:28","date_gmt":"2024-06-07T11:35:28","guid":{"rendered":"https:\/\/elinformante.mx\/?p=56290"},"modified":"2024-06-07T05:35:29","modified_gmt":"2024-06-07T11:35:29","slug":"colocaba-fibra-optica-sufre-descarga-electrica-y-aun-vive-para-contarlo","status":"publish","type":"post","link":"https:\/\/elinformante.mx\/?p=56290","title":{"rendered":"Colocaba fibra \u00f3ptica, sufre descarga el\u00e9ctrica y a\u00fan vive para contarlo"},"content":{"rendered":"\n<blockquote class=\"wp-block-quote is-layout-flow wp-block-quote-is-layout-flow\">\n<p>Hizo contacto accidental con una l\u00ednea de alta tensi\u00f3n, lo que result\u00f3 en quemaduras en diversas partes de su cuerpo.<\/p>\n<\/blockquote>\n\n\n\n<p>Un hombre de 45 a\u00f1os de edad, empleado de una empresa de instalaci\u00f3n de fibra \u00f3ptica, sufri\u00f3 graves lesiones por una descarga el\u00e9ctrica mientras trabajaba en un poste de la Comisi\u00f3n Federal de Electricidad (CFE).<br><\/p>\n\n\n\n<p>El trabajador hizo contacto accidental con una l\u00ednea de alta tensi\u00f3n, lo que result\u00f3 en quemaduras en diversas partes de su cuerpo; ello ocurri\u00f3 en la Carretera M\u00e9xico-Pachuca libre, a la altura del kil\u00f3metro 40, en la Colonia Haciendas del Bosque, municipio de Tec\u00e1mac.<br><\/p>\n\n\n\n<figure class=\"wp-block-image size-large\"><img fetchpriority=\"high\" decoding=\"async\" width=\"1024\" height=\"503\" src=\"https:\/\/elinformante.mx\/wp-content\/uploads\/2024\/06\/13TECAMAC-2-1024x503.jpg\" alt=\"\" class=\"wp-image-56292\" srcset=\"https:\/\/elinformante.mx\/wp-content\/uploads\/2024\/06\/13TECAMAC-2-1024x503.jpg 1024w, https:\/\/elinformante.mx\/wp-content\/uploads\/2024\/06\/13TECAMAC-2-300x147.jpg 300w, https:\/\/elinformante.mx\/wp-content\/uploads\/2024\/06\/13TECAMAC-2-768x377.jpg 768w, https:\/\/elinformante.mx\/wp-content\/uploads\/2024\/06\/13TECAMAC-2-580x285.jpg 580w, https:\/\/elinformante.mx\/wp-content\/uploads\/2024\/06\/13TECAMAC-2-860x422.jpg 860w, https:\/\/elinformante.mx\/wp-content\/uploads\/2024\/06\/13TECAMAC-2.jpg 1140w\" sizes=\"(max-width: 1024px) 100vw, 1024px\" \/><\/figure>\n\n\n\n<p>Equipos de emergencia, incluyendo una ambulancia de protecci\u00f3n civil de Tec\u00e1mac, llegaron al lugar para brindar los primeros auxilios.<br><\/p>\n\n\n\n<p>El param\u00e9dico a cargo y su equipo determinaron que el herido necesitaba ser trasladado al Hospital de las Am\u00e9ricas, ubicado en el municipio de Ecatepec, para recibir atenci\u00f3n m\u00e9dica especializada debido a las m\u00faltiples quemaduras.<br><\/p>\n\n\n\n<p>El hombre, quien fue identificado como, Alejandro Hern\u00e1ndez, contin\u00faa hospitalizado, donde est\u00e1 siendo atendido por las graves quemaduras que sufri\u00f3.<\/p>\n","protected":false},"excerpt":{"rendered":"<p>Hizo contacto accidental con una l\u00ednea de alta tensi\u00f3n, lo que result\u00f3 en quemaduras en diversas partes de su cuerpo. Un hombre de 45 a\u00f1os de edad, empleado de una empresa de instalaci\u00f3n de fibra \u00f3ptica, sufri\u00f3 graves lesiones por una descarga el\u00e9ctrica mientras trabajaba en un poste de la Comisi\u00f3n Federal de Electricidad (CFE). [&hellip;]<\/p>\n","protected":false},"author":1,"featured_media":56291,"comment_status":"closed","ping_status":"closed","sticky":false,"template":"","format":"standard","meta":{"footnotes":""},"categories":[30,36,37],"tags":[],"class_list":["post-56290","post","type-post","status-publish","format-standard","has-post-thumbnail","hentry","category-destacado","category-edomex","category-justicia"],"_links":{"self":[{"href":"https:\/\/elinformante.mx\/index.php?rest_route=\/wp\/v2\/posts\/56290","targetHints":{"allow":["GET"]}}],"collection":[{"href":"https:\/\/elinformante.mx\/index.php?rest_route=\/wp\/v2\/posts"}],"about":[{"href":"https:\/\/elinformante.mx\/index.php?rest_route=\/wp\/v2\/types\/post"}],"author":[{"embeddable":true,"href":"https:\/\/elinformante.mx\/index.php?rest_route=\/wp\/v2\/users\/1"}],"replies":[{"embeddable":true,"href":"https:\/\/elinformante.mx\/index.php?rest_route=%2Fwp%2Fv2%2Fcomments&post=56290"}],"version-history":[{"count":0,"href":"https:\/\/elinformante.mx\/index.php?rest_route=\/wp\/v2\/posts\/56290\/revisions"}],"wp:featuredmedia":[{"embeddable":true,"href":"https:\/\/elinformante.mx\/index.php?rest_route=\/wp\/v2\/media\/56291"}],"wp:attachment":[{"href":"https:\/\/elinformante.mx\/index.php?rest_route=%2Fwp%2Fv2%2Fmedia&parent=56290"}],"wp:term":[{"taxonomy":"category","embeddable":true,"href":"https:\/\/elinformante.mx\/index.php?rest_route=%2Fwp%2Fv2%2Fcategories&post=56290"},{"taxonomy":"post_tag","embeddable":true,"href":"https:\/\/elinformante.mx\/index.php?rest_route=%2Fwp%2Fv2%2Ftags&post=56290"}],"curies":[{"name":"wp","href":"https:\/\/api.w.org\/{rel}","templated":true}]}}