{"id":56294,"date":"2024-06-07T05:39:09","date_gmt":"2024-06-07T11:39:09","guid":{"rendered":"https:\/\/elinformante.mx\/?p=56294"},"modified":"2024-06-07T05:39:10","modified_gmt":"2024-06-07T11:39:10","slug":"fgjem-abre-convocatoria-para-31-plazas-para-medicos-legistas","status":"publish","type":"post","link":"https:\/\/elinformante.mx\/?p=56294","title":{"rendered":"FGJEM abre convocatoria para 31 plazas para m\u00e9dicos legistas"},"content":{"rendered":"\n<blockquote class=\"wp-block-quote is-layout-flow wp-block-quote-is-layout-flow\">\n<p>El registro se realizar\u00e1 los d\u00edas 10 y 11 de junio del presente a\u00f1o, \u00fanicamente a trav\u00e9s de la p\u00e1gina de internet de la Fiscal\u00eda Edom\u00e9x.<\/p>\n<\/blockquote>\n\n\n\n<p>Con el fin de incorporar a esta Instituci\u00f3n a las y los mejores perfiles para atender a la sociedad mexiquense y con plena transparencia, la Fiscal\u00eda General de Justicia del Estado de M\u00e9xico (FGJEM) abri\u00f3 convocatoria para ocupar 31 plazas para M\u00e9dico Legista.<br><\/p>\n\n\n\n<p>Las y los aspirantes deber\u00e1n acreditar que concluyeron la licenciatura en Medicina General, preferentemente con especialidad en Medicina Legal o maestr\u00eda en Ciencias Forenses, con t\u00edtulo expedido y c\u00e9dula profesional, registrados legalmente, as\u00ed como tener una edad m\u00ednima de 23 y m\u00e1xima de 55 a\u00f1os el d\u00eda de su inscripci\u00f3n.<br><\/p>\n\n\n\n<p>Quienes cumplan de manera puntual con los requisitos de la convocatoria, el registro se realizar\u00e1 los d\u00edas 10 y 11 de junio del presente a\u00f1o, \u00fanicamente a trav\u00e9s de la siguiente liga del sitio oficial de la Fiscal\u00eda mexiquense: https:\/\/aspirantes.fiscaliaedomex.gob.mx\/<br><\/p>\n\n\n\n<figure class=\"wp-block-image size-large\"><img fetchpriority=\"high\" decoding=\"async\" width=\"1024\" height=\"503\" src=\"https:\/\/elinformante.mx\/wp-content\/uploads\/2024\/06\/11MEDICOS-1024x503.jpg\" alt=\"\" class=\"wp-image-56296\" srcset=\"https:\/\/elinformante.mx\/wp-content\/uploads\/2024\/06\/11MEDICOS-1024x503.jpg 1024w, https:\/\/elinformante.mx\/wp-content\/uploads\/2024\/06\/11MEDICOS-300x147.jpg 300w, https:\/\/elinformante.mx\/wp-content\/uploads\/2024\/06\/11MEDICOS-768x377.jpg 768w, https:\/\/elinformante.mx\/wp-content\/uploads\/2024\/06\/11MEDICOS-580x285.jpg 580w, https:\/\/elinformante.mx\/wp-content\/uploads\/2024\/06\/11MEDICOS-860x422.jpg 860w, https:\/\/elinformante.mx\/wp-content\/uploads\/2024\/06\/11MEDICOS.jpg 1140w\" sizes=\"(max-width: 1024px) 100vw, 1024px\" \/><\/figure>\n\n\n\n<p>Una vez realizado el registro, los folios de las y los aspirantes que cumplan con los requisitos, ser\u00e1n publicados en la p\u00e1gina web de la Fiscal\u00eda General de Justicia del Estado de M\u00e9xico, el d\u00eda 13 de junio pr\u00f3ximo, y podr\u00e1n continuar con las etapas que incluyen la aplicaci\u00f3n de un examen de conocimientos te\u00f3ricos que deber\u00e1 ser aprobado.<br><\/p>\n\n\n\n<p>Los aspirantes que obtengan calificaci\u00f3n aprobatoria, ser\u00e1n evaluados mediante una ponencia oral y escrita sobre un tema forense ante el Club Cient\u00edfico, los participantes mejor evaluados deber\u00e1n someterse a un examen toxicol\u00f3gico en la fecha y hora que se indique.<br><\/p>\n\n\n\n<p>Finalmente, las y los seleccionados en la entrevista y con resultado satisfactorio en el examen toxicol\u00f3gico, ser\u00e1n considerados en el proceso de contrataci\u00f3n.<br><\/p>\n\n\n\n<p>La Fiscal\u00eda General de Justicia del Estado de M\u00e9xico refrenda la transparencia y calidad de sus procesos de contrataci\u00f3n mediante convocatorias abiertas y reitera que en caso de detectar suplantaci\u00f3n, usurpaci\u00f3n de funciones o cualquier otra situaci\u00f3n o conducta que pretenda alterar el proceso, la Instituci\u00f3n actuar\u00e1 en consecuencia.<\/p>\n","protected":false},"excerpt":{"rendered":"<p>El registro se realizar\u00e1 los d\u00edas 10 y 11 de junio del presente a\u00f1o, \u00fanicamente a trav\u00e9s de la p\u00e1gina de internet de la Fiscal\u00eda Edom\u00e9x. Con el fin de incorporar a esta Instituci\u00f3n a las y los mejores perfiles para atender a la sociedad mexiquense y con plena transparencia, la Fiscal\u00eda General de Justicia [&hellip;]<\/p>\n","protected":false},"author":1,"featured_media":56295,"comment_status":"closed","ping_status":"closed","sticky":false,"template":"","format":"standard","meta":{"footnotes":""},"categories":[36],"tags":[],"class_list":["post-56294","post","type-post","status-publish","format-standard","has-post-thumbnail","hentry","category-edomex"],"_links":{"self":[{"href":"https:\/\/elinformante.mx\/index.php?rest_route=\/wp\/v2\/posts\/56294","targetHints":{"allow":["GET"]}}],"collection":[{"href":"https:\/\/elinformante.mx\/index.php?rest_route=\/wp\/v2\/posts"}],"about":[{"href":"https:\/\/elinformante.mx\/index.php?rest_route=\/wp\/v2\/types\/post"}],"author":[{"embeddable":true,"href":"https:\/\/elinformante.mx\/index.php?rest_route=\/wp\/v2\/users\/1"}],"replies":[{"embeddable":true,"href":"https:\/\/elinformante.mx\/index.php?rest_route=%2Fwp%2Fv2%2Fcomments&post=56294"}],"version-history":[{"count":0,"href":"https:\/\/elinformante.mx\/index.php?rest_route=\/wp\/v2\/posts\/56294\/revisions"}],"wp:featuredmedia":[{"embeddable":true,"href":"https:\/\/elinformante.mx\/index.php?rest_route=\/wp\/v2\/media\/56295"}],"wp:attachment":[{"href":"https:\/\/elinformante.mx\/index.php?rest_route=%2Fwp%2Fv2%2Fmedia&parent=56294"}],"wp:term":[{"taxonomy":"category","embeddable":true,"href":"https:\/\/elinformante.mx\/index.php?rest_route=%2Fwp%2Fv2%2Fcategories&post=56294"},{"taxonomy":"post_tag","embeddable":true,"href":"https:\/\/elinformante.mx\/index.php?rest_route=%2Fwp%2Fv2%2Ftags&post=56294"}],"curies":[{"name":"wp","href":"https:\/\/api.w.org\/{rel}","templated":true}]}}