{"id":56309,"date":"2024-06-07T05:56:00","date_gmt":"2024-06-07T11:56:00","guid":{"rendered":"https:\/\/elinformante.mx\/?p=56309"},"modified":"2024-06-07T05:56:00","modified_gmt":"2024-06-07T11:56:00","slug":"invita-difem-al-bazar-manos-amigas-en-beneficio-de-los-centros-de-asistencia-social-y-poblacion-vulnerable","status":"publish","type":"post","link":"https:\/\/elinformante.mx\/?p=56309","title":{"rendered":"Invita DIFEM al Bazar \u201cManos amigas\u201d en beneficio de los Centros de Asistencia Social y poblaci\u00f3n vulnerable"},"content":{"rendered":"\n<blockquote class=\"wp-block-quote is-layout-flow wp-block-quote-is-layout-flow\">\n<p>Estar\u00e1 ubicado en la explanada del Teatro Morelos de Toluca, el viernes 14 de junio de las 10:00 a las 17:30 horas.<\/p>\n<\/blockquote>\n\n\n\n<p>Velas arom\u00e1ticas, plantas, joyer\u00eda, ropa, juguetes, productos del hogar, dulces, aceites esenciales, productos org\u00e1nicos como mermeladas, miel, perfumes, salsas y aderezos, entre otros art\u00edculos se podr\u00e1n adquirir en la Segunda edici\u00f3n del Bazar \u201cManos amigas\u201d que organiza el Sistema para el Desarrollo Integral de la Familia del Estado de M\u00e9xico (DIFEM) en beneficio de los Centros de Asistencia Social y poblaci\u00f3n vulnerable.<br><\/p>\n\n\n\n<p>Tambi\u00e9n se podr\u00e1n adquirir productos elaborados por personas adultas mayores de la Casa de D\u00eda del DIFEM y de personas con discapacidad, como galletas, macetas pintadas a mano, bordados, ropa tejida a mano, carpetas, manteles y dem\u00e1s manualidades elaboradas con creatividad y amor.<br><\/p>\n\n\n\n<figure class=\"wp-block-image size-large\"><img fetchpriority=\"high\" decoding=\"async\" width=\"1024\" height=\"503\" src=\"https:\/\/elinformante.mx\/wp-content\/uploads\/2024\/06\/7DIFEM-1-1024x503.jpg\" alt=\"\" class=\"wp-image-56313\" srcset=\"https:\/\/elinformante.mx\/wp-content\/uploads\/2024\/06\/7DIFEM-1-1024x503.jpg 1024w, https:\/\/elinformante.mx\/wp-content\/uploads\/2024\/06\/7DIFEM-1-300x147.jpg 300w, https:\/\/elinformante.mx\/wp-content\/uploads\/2024\/06\/7DIFEM-1-768x377.jpg 768w, https:\/\/elinformante.mx\/wp-content\/uploads\/2024\/06\/7DIFEM-1-580x285.jpg 580w, https:\/\/elinformante.mx\/wp-content\/uploads\/2024\/06\/7DIFEM-1-860x422.jpg 860w, https:\/\/elinformante.mx\/wp-content\/uploads\/2024\/06\/7DIFEM-1.jpg 1140w\" sizes=\"(max-width: 1024px) 100vw, 1024px\" \/><\/figure>\n\n\n\n<p>Participar\u00e1n alrededor de 80 estands en donde los asistentes podr\u00e1n adquirir objetos de uso personal, para el hogar o regalo, y adicionalmente habr\u00e1 puestos de comida, antojitos y postres. Todo a precios accesibles.<br><\/p>\n\n\n\n<p>El DIFEM, a cargo de Karina Labastida Sotelo, reconoce en esta actividad, la participaci\u00f3n de los Voluntariados Estatales de la Oficial\u00eda Mayor y de las Secretar\u00edas del Medio Ambiente y Desarrollo Sostenible, Bienestar y Educaci\u00f3n, Ciencia, Tecnolog\u00eda e Innovaci\u00f3n.<br><\/p>\n\n\n\n<p>Con El Poder de Servir, por primera vez, el Bazar se realizar\u00e1 en la explanada del Teatro Morelos de Toluca, el viernes 14 de junio de las 10:00 a las 17:30 horas, esperando la participaci\u00f3n de la poblaci\u00f3n en general, que con su consumo ayudar\u00e1 a transformar la vida de quienes m\u00e1s lo necesitan.<\/p>\n","protected":false},"excerpt":{"rendered":"<p>Estar\u00e1 ubicado en la explanada del Teatro Morelos de Toluca, el viernes 14 de junio de las 10:00 a las 17:30 horas. Velas arom\u00e1ticas, plantas, joyer\u00eda, ropa, juguetes, productos del hogar, dulces, aceites esenciales, productos org\u00e1nicos como mermeladas, miel, perfumes, salsas y aderezos, entre otros art\u00edculos se podr\u00e1n adquirir en la Segunda edici\u00f3n del Bazar [&hellip;]<\/p>\n","protected":false},"author":1,"featured_media":56312,"comment_status":"closed","ping_status":"closed","sticky":false,"template":"","format":"standard","meta":{"footnotes":""},"categories":[36],"tags":[],"class_list":["post-56309","post","type-post","status-publish","format-standard","has-post-thumbnail","hentry","category-edomex"],"_links":{"self":[{"href":"https:\/\/elinformante.mx\/index.php?rest_route=\/wp\/v2\/posts\/56309","targetHints":{"allow":["GET"]}}],"collection":[{"href":"https:\/\/elinformante.mx\/index.php?rest_route=\/wp\/v2\/posts"}],"about":[{"href":"https:\/\/elinformante.mx\/index.php?rest_route=\/wp\/v2\/types\/post"}],"author":[{"embeddable":true,"href":"https:\/\/elinformante.mx\/index.php?rest_route=\/wp\/v2\/users\/1"}],"replies":[{"embeddable":true,"href":"https:\/\/elinformante.mx\/index.php?rest_route=%2Fwp%2Fv2%2Fcomments&post=56309"}],"version-history":[{"count":0,"href":"https:\/\/elinformante.mx\/index.php?rest_route=\/wp\/v2\/posts\/56309\/revisions"}],"wp:featuredmedia":[{"embeddable":true,"href":"https:\/\/elinformante.mx\/index.php?rest_route=\/wp\/v2\/media\/56312"}],"wp:attachment":[{"href":"https:\/\/elinformante.mx\/index.php?rest_route=%2Fwp%2Fv2%2Fmedia&parent=56309"}],"wp:term":[{"taxonomy":"category","embeddable":true,"href":"https:\/\/elinformante.mx\/index.php?rest_route=%2Fwp%2Fv2%2Fcategories&post=56309"},{"taxonomy":"post_tag","embeddable":true,"href":"https:\/\/elinformante.mx\/index.php?rest_route=%2Fwp%2Fv2%2Ftags&post=56309"}],"curies":[{"name":"wp","href":"https:\/\/api.w.org\/{rel}","templated":true}]}}