{"id":56319,"date":"2024-06-07T06:04:53","date_gmt":"2024-06-07T12:04:53","guid":{"rendered":"https:\/\/elinformante.mx\/?p=56319"},"modified":"2024-06-07T06:04:54","modified_gmt":"2024-06-07T12:04:54","slug":"invitan-al-croqueton-2024-en-la-alcaldia-tlalpan","status":"publish","type":"post","link":"https:\/\/elinformante.mx\/?p=56319","title":{"rendered":"Invitan al Croquet\u00f3n 2024 en la alcald\u00eda Tlalpan"},"content":{"rendered":"\n<blockquote class=\"wp-block-quote is-layout-flow wp-block-quote-is-layout-flow\">\n<p>Se trata de la feria de perros adoptables y donaci\u00f3n de alimento; la finalidad del evento es concientizar sobre la adopci\u00f3n de animales.<\/p>\n<\/blockquote>\n\n\n\n<p>La alcald\u00eda Tlalpan invit\u00f3 al \u201cCroquet\u00f3n\u201d en donde las personas podr\u00e1n donar croquetas y art\u00edculos de limpieza en beneficio de asociaciones que protegen a perros y gatos que han sido abandonados, adem\u00e1s de una pasarela de adoptables.<br><\/p>\n\n\n\n<p>El Croquet\u00f3n se llevar\u00e1 a cabo este s\u00e1bado 8 de junio de 10:00 a 15:00 horas en la explanada de la demarcaci\u00f3n, y ah\u00ed podr\u00e1n conocer a los caninos qu\u00e9 est\u00e1n en busca de una familia y un hogar que les brinden mucho amor y atenci\u00f3n, pero sobre todo un espacio seguro.<br><\/p>\n\n\n\n<figure class=\"wp-block-image size-large\"><img fetchpriority=\"high\" decoding=\"async\" width=\"1024\" height=\"503\" src=\"https:\/\/elinformante.mx\/wp-content\/uploads\/2024\/06\/6CROQUETON-1024x503.jpg\" alt=\"\" class=\"wp-image-56321\" srcset=\"https:\/\/elinformante.mx\/wp-content\/uploads\/2024\/06\/6CROQUETON-1024x503.jpg 1024w, https:\/\/elinformante.mx\/wp-content\/uploads\/2024\/06\/6CROQUETON-300x147.jpg 300w, https:\/\/elinformante.mx\/wp-content\/uploads\/2024\/06\/6CROQUETON-768x377.jpg 768w, https:\/\/elinformante.mx\/wp-content\/uploads\/2024\/06\/6CROQUETON-580x285.jpg 580w, https:\/\/elinformante.mx\/wp-content\/uploads\/2024\/06\/6CROQUETON-860x422.jpg 860w, https:\/\/elinformante.mx\/wp-content\/uploads\/2024\/06\/6CROQUETON.jpg 1140w\" sizes=\"(max-width: 1024px) 100vw, 1024px\" \/><\/figure>\n\n\n\n<p>Entre los adoptables se encuentra: Luna de 8 meses, Manchita de 3 meses, Nala de 6 meses, Dalia de 3 meses, Stacy de 8 meses, Canela y Luneta de 3 y 4 meses correspondientemente, algunas ya esterilizadas y vacunadas.<br><\/p>\n\n\n\n<p>La alcaldesa, Alfa Gonz\u00e1lez Magallanes asegur\u00f3 que este tipo de eventos tienen la finalidad de concientizar sobre la adopci\u00f3n de animales de compa\u00f1\u00eda as\u00ed como una tutela responsable, priorizando en todo momento el bienestar animal.<br><\/p>\n\n\n\n<p>Finalmente agreg\u00f3 que su administraci\u00f3n ha sido la que m\u00e1s presupuesto ha destinado a la protecci\u00f3n de animales de compa\u00f1\u00eda, as\u00ed como animales end\u00e9micos propios de la demarcaci\u00f3n.<\/p>\n","protected":false},"excerpt":{"rendered":"<p>Se trata de la feria de perros adoptables y donaci\u00f3n de alimento; la finalidad del evento es concientizar sobre la adopci\u00f3n de animales. La alcald\u00eda Tlalpan invit\u00f3 al \u201cCroquet\u00f3n\u201d en donde las personas podr\u00e1n donar croquetas y art\u00edculos de limpieza en beneficio de asociaciones que protegen a perros y gatos que han sido abandonados, adem\u00e1s [&hellip;]<\/p>\n","protected":false},"author":1,"featured_media":56320,"comment_status":"closed","ping_status":"closed","sticky":false,"template":"","format":"standard","meta":{"footnotes":""},"categories":[35],"tags":[],"class_list":["post-56319","post","type-post","status-publish","format-standard","has-post-thumbnail","hentry","category-cdmx"],"_links":{"self":[{"href":"https:\/\/elinformante.mx\/index.php?rest_route=\/wp\/v2\/posts\/56319","targetHints":{"allow":["GET"]}}],"collection":[{"href":"https:\/\/elinformante.mx\/index.php?rest_route=\/wp\/v2\/posts"}],"about":[{"href":"https:\/\/elinformante.mx\/index.php?rest_route=\/wp\/v2\/types\/post"}],"author":[{"embeddable":true,"href":"https:\/\/elinformante.mx\/index.php?rest_route=\/wp\/v2\/users\/1"}],"replies":[{"embeddable":true,"href":"https:\/\/elinformante.mx\/index.php?rest_route=%2Fwp%2Fv2%2Fcomments&post=56319"}],"version-history":[{"count":0,"href":"https:\/\/elinformante.mx\/index.php?rest_route=\/wp\/v2\/posts\/56319\/revisions"}],"wp:featuredmedia":[{"embeddable":true,"href":"https:\/\/elinformante.mx\/index.php?rest_route=\/wp\/v2\/media\/56320"}],"wp:attachment":[{"href":"https:\/\/elinformante.mx\/index.php?rest_route=%2Fwp%2Fv2%2Fmedia&parent=56319"}],"wp:term":[{"taxonomy":"category","embeddable":true,"href":"https:\/\/elinformante.mx\/index.php?rest_route=%2Fwp%2Fv2%2Fcategories&post=56319"},{"taxonomy":"post_tag","embeddable":true,"href":"https:\/\/elinformante.mx\/index.php?rest_route=%2Fwp%2Fv2%2Ftags&post=56319"}],"curies":[{"name":"wp","href":"https:\/\/api.w.org\/{rel}","templated":true}]}}