{"id":56338,"date":"2024-06-07T06:19:19","date_gmt":"2024-06-07T12:19:19","guid":{"rendered":"https:\/\/elinformante.mx\/?p=56338"},"modified":"2024-06-07T06:19:20","modified_gmt":"2024-06-07T12:19:20","slug":"va-morena-por-reforma-al-poder-judicial-y-autonomos-en-septiembre","status":"publish","type":"post","link":"https:\/\/elinformante.mx\/?p=56338","title":{"rendered":"Va Morena por reforma al Poder Judicial y aut\u00f3nomos en septiembre"},"content":{"rendered":"\n<blockquote class=\"wp-block-quote is-layout-flow wp-block-quote-is-layout-flow\">\n<p>El legislador Ignacio Mier asegur\u00f3 que 18 iniciativas est\u00e1n listas para votarse, entre ellas la desaparici\u00f3n de \u00f3rganos aut\u00f3nomos.<\/p>\n<\/blockquote>\n\n\n\n<p>Montados en la cresta del poder, el grupo parlamentario de Morena confirm\u00f3 que en septiembre, con la nueva Legislatura en la que obtuvo mayor\u00eda, concretar\u00e1 diversas reformas presentadas por el presidente Andr\u00e9s Manuel L\u00f3pez Obrador.<br><\/p>\n\n\n\n<p>Fue Ignacio Mier, coordinador de ese partido en la C\u00e1mara de Diputados, quien asegur\u00f3 que 18 iniciativas est\u00e1n listas para votarse, entre ellas la reforma al Poder Judicial y la desaparici\u00f3n de \u00f3rganos aut\u00f3nomos.<br><\/p>\n\n\n\n<p>Las nuevas c\u00e1maras iniciar\u00e1n trabajos el pr\u00f3ximo primero de septiembre y el sexenio de L\u00f3pez Obrador concluir\u00e1 30 d\u00edas despu\u00e9s. El mandatario dijo estar consciente de que hay poco tiempo para concretar su propuesta de reformas.<br><\/p>\n\n\n\n<p>Este 5 de febrero, D\u00eda de la Constituci\u00f3n, el presidente present\u00f3 20 iniciativas de reformas, 18 de rango constitucional, para ser analizadas en el \u00faltimo periodo de sesiones del Congreso, entre ellas al sistema de pensiones, al Poder Judicial, una reforma electoral, la extinci\u00f3n de aut\u00f3nomos y sobre el salario m\u00ednimo.<\/p>\n","protected":false},"excerpt":{"rendered":"<p>El legislador Ignacio Mier asegur\u00f3 que 18 iniciativas est\u00e1n listas para votarse, entre ellas la desaparici\u00f3n de \u00f3rganos aut\u00f3nomos. Montados en la cresta del poder, el grupo parlamentario de Morena confirm\u00f3 que en septiembre, con la nueva Legislatura en la que obtuvo mayor\u00eda, concretar\u00e1 diversas reformas presentadas por el presidente Andr\u00e9s Manuel L\u00f3pez Obrador. Fue [&hellip;]<\/p>\n","protected":false},"author":1,"featured_media":56339,"comment_status":"closed","ping_status":"closed","sticky":false,"template":"","format":"standard","meta":{"footnotes":""},"categories":[30,34],"tags":[],"class_list":["post-56338","post","type-post","status-publish","format-standard","has-post-thumbnail","hentry","category-destacado","category-nacional"],"_links":{"self":[{"href":"https:\/\/elinformante.mx\/index.php?rest_route=\/wp\/v2\/posts\/56338","targetHints":{"allow":["GET"]}}],"collection":[{"href":"https:\/\/elinformante.mx\/index.php?rest_route=\/wp\/v2\/posts"}],"about":[{"href":"https:\/\/elinformante.mx\/index.php?rest_route=\/wp\/v2\/types\/post"}],"author":[{"embeddable":true,"href":"https:\/\/elinformante.mx\/index.php?rest_route=\/wp\/v2\/users\/1"}],"replies":[{"embeddable":true,"href":"https:\/\/elinformante.mx\/index.php?rest_route=%2Fwp%2Fv2%2Fcomments&post=56338"}],"version-history":[{"count":0,"href":"https:\/\/elinformante.mx\/index.php?rest_route=\/wp\/v2\/posts\/56338\/revisions"}],"wp:featuredmedia":[{"embeddable":true,"href":"https:\/\/elinformante.mx\/index.php?rest_route=\/wp\/v2\/media\/56339"}],"wp:attachment":[{"href":"https:\/\/elinformante.mx\/index.php?rest_route=%2Fwp%2Fv2%2Fmedia&parent=56338"}],"wp:term":[{"taxonomy":"category","embeddable":true,"href":"https:\/\/elinformante.mx\/index.php?rest_route=%2Fwp%2Fv2%2Fcategories&post=56338"},{"taxonomy":"post_tag","embeddable":true,"href":"https:\/\/elinformante.mx\/index.php?rest_route=%2Fwp%2Fv2%2Ftags&post=56338"}],"curies":[{"name":"wp","href":"https:\/\/api.w.org\/{rel}","templated":true}]}}