{"id":56350,"date":"2024-06-07T06:29:25","date_gmt":"2024-06-07T12:29:25","guid":{"rendered":"https:\/\/elinformante.mx\/?p=56350"},"modified":"2024-06-07T06:29:25","modified_gmt":"2024-06-07T12:29:25","slug":"cierran-por-inseguridad-12-escuelas-en-coyuca-de-benitez","status":"publish","type":"post","link":"https:\/\/elinformante.mx\/?p=56350","title":{"rendered":"Cierran por inseguridad 12 escuelas en Coyuca de Ben\u00edtez"},"content":{"rendered":"\n<blockquote class=\"wp-block-quote is-layout-flow wp-block-quote-is-layout-flow\">\n<p>Maestros y alumnos volvieron a clases virtuales debido a las amenazas de grupos del crimen organizado, reconoci\u00f3 la delegaci\u00f3n de los Servicios Educativos.<\/p>\n<\/blockquote>\n\n\n\n<p>La violencia, el temor y la desesperaci\u00f3n, siguen minando el \u00e1nimo de los guerrerenses y la delegada de los Servicios Educativos regi\u00f3n Acapulco-Coyuca de Ben\u00edtez, Martha Roc\u00edo Carachure Bustos, confirm\u00f3 que al menos 12 escuelas han tenido que cerrar sus puertas por problemas de inseguridad en la zona.<br><\/p>\n\n\n\n<p>Con ello, maestros y alumnos han retomado sus clases por en la modalidad virtual, mientras las autoridades educativas se\u00f1alan que tienen conocimiento de \u201cciertos problemas de inseguridad en la zona.<br><\/p>\n\n\n\n<p>La delegada reconoci\u00f3 que los recientes hechos de violencia y la crisis Otis en Coyuca de Ben\u00edtez han afectado el aprovechamiento y rendimiento de las y los alumnos, sobre todo aument\u00f3 la deserci\u00f3n escolar en la zona.<br><\/p>\n\n\n\n<p>Este mi\u00e9rcoles, la escuela primaria \u201cVicente Guerrero\u201d, ubicada en el poblado de la Barra Coyuca, tuvo que cerrar sus puertas debido a amenazas de grupos de la delincuencia organizada.<br><\/p>\n\n\n\n<p>Asimismo, planteles educativos ubicados en la sierra de dicho municipio de la regi\u00f3n Costa Grande tuvieron que suspender clases presenciales, para retomar clases virtuales, tras el hostigamiento de la delincuencia organizada a maestros y directivos.<\/p>\n","protected":false},"excerpt":{"rendered":"<p>Maestros y alumnos volvieron a clases virtuales debido a las amenazas de grupos del crimen organizado, reconoci\u00f3 la delegaci\u00f3n de los Servicios Educativos. La violencia, el temor y la desesperaci\u00f3n, siguen minando el \u00e1nimo de los guerrerenses y la delegada de los Servicios Educativos regi\u00f3n Acapulco-Coyuca de Ben\u00edtez, Martha Roc\u00edo Carachure Bustos, confirm\u00f3 que al [&hellip;]<\/p>\n","protected":false},"author":1,"featured_media":56351,"comment_status":"closed","ping_status":"closed","sticky":false,"template":"","format":"standard","meta":{"footnotes":""},"categories":[34],"tags":[],"class_list":["post-56350","post","type-post","status-publish","format-standard","has-post-thumbnail","hentry","category-nacional"],"_links":{"self":[{"href":"https:\/\/elinformante.mx\/index.php?rest_route=\/wp\/v2\/posts\/56350","targetHints":{"allow":["GET"]}}],"collection":[{"href":"https:\/\/elinformante.mx\/index.php?rest_route=\/wp\/v2\/posts"}],"about":[{"href":"https:\/\/elinformante.mx\/index.php?rest_route=\/wp\/v2\/types\/post"}],"author":[{"embeddable":true,"href":"https:\/\/elinformante.mx\/index.php?rest_route=\/wp\/v2\/users\/1"}],"replies":[{"embeddable":true,"href":"https:\/\/elinformante.mx\/index.php?rest_route=%2Fwp%2Fv2%2Fcomments&post=56350"}],"version-history":[{"count":0,"href":"https:\/\/elinformante.mx\/index.php?rest_route=\/wp\/v2\/posts\/56350\/revisions"}],"wp:featuredmedia":[{"embeddable":true,"href":"https:\/\/elinformante.mx\/index.php?rest_route=\/wp\/v2\/media\/56351"}],"wp:attachment":[{"href":"https:\/\/elinformante.mx\/index.php?rest_route=%2Fwp%2Fv2%2Fmedia&parent=56350"}],"wp:term":[{"taxonomy":"category","embeddable":true,"href":"https:\/\/elinformante.mx\/index.php?rest_route=%2Fwp%2Fv2%2Fcategories&post=56350"},{"taxonomy":"post_tag","embeddable":true,"href":"https:\/\/elinformante.mx\/index.php?rest_route=%2Fwp%2Fv2%2Ftags&post=56350"}],"curies":[{"name":"wp","href":"https:\/\/api.w.org\/{rel}","templated":true}]}}