{"id":56362,"date":"2024-06-07T06:37:43","date_gmt":"2024-06-07T12:37:43","guid":{"rendered":"https:\/\/elinformante.mx\/?p=56362"},"modified":"2024-06-07T06:37:44","modified_gmt":"2024-06-07T12:37:44","slug":"condecoracion-maestro-altamirano-para-270-docentes-mexiquenses","status":"publish","type":"post","link":"https:\/\/elinformante.mx\/?p=56362","title":{"rendered":"Condecoraci\u00f3n \u201cMaestro Altamirano\u201d para 270 docentes mexiquenses"},"content":{"rendered":"\n<blockquote class=\"wp-block-quote is-layout-flow wp-block-quote-is-layout-flow\">\n<p>Este galard\u00f3n es otorgado por la SEP y destaca el desempe\u00f1o docente, el cual fue gestionado por el Gobierno del Estado de M\u00e9xico a trav\u00e9s de la SECTI.<\/p>\n<\/blockquote>\n\n\n\n<p>Los galardonados recibieron una medalla de oro, un est\u00edmulo econ\u00f3mico y un diploma otorgado por el Sindicato de Maestros al Servicio del Estado de M\u00e9xico.<br><\/p>\n\n\n\n<p>Un total de 270 docentes de todos los niveles educativos del Subsistema Educativo Estatal recibieron la Condecoraci\u00f3n \u201cMaestro Altamirano\u201d Promoci\u00f3n 2024, que otorga la Secretar\u00eda de Educaci\u00f3n P\u00fablica (SEP) como un reconocimiento a la dedicaci\u00f3n y compromiso de maestras y maestros con 40 o m\u00e1s a\u00f1os de servicio efectivo.<br><\/p>\n\n\n\n<p>La entrega de este galard\u00f3n, instituido el 16 de marzo de 1940, destaca la excelencia del desempe\u00f1o docente y fue gestionada por la Secretar\u00eda de Educaci\u00f3n, Ciencia, Tecnolog\u00eda e Innovaci\u00f3n (SECTI) del Gobierno del Estado de M\u00e9xico.<br><\/p>\n\n\n\n<p>Durante la ceremonia de entrega, el Secretario de Educaci\u00f3n, Ciencia, Tecnolog\u00eda e Innovaci\u00f3n, Miguel \u00c1ngel Hern\u00e1ndez Espejel mencion\u00f3 que para la promoci\u00f3n 2024 de este galard\u00f3n se registraron 272 candidaturas en el Estado de M\u00e9xico, de las cuales 270 fueron seleccionadas para recibir esta distinci\u00f3n tras un riguroso an\u00e1lisis de expedientes realizado por la SEP.<br><\/p>\n\n\n\n<figure class=\"wp-block-image size-large\"><img fetchpriority=\"high\" decoding=\"async\" width=\"1024\" height=\"503\" src=\"https:\/\/elinformante.mx\/wp-content\/uploads\/2024\/06\/8-SMSEM-1024x503.jpg\" alt=\"\" class=\"wp-image-56364\" srcset=\"https:\/\/elinformante.mx\/wp-content\/uploads\/2024\/06\/8-SMSEM-1024x503.jpg 1024w, https:\/\/elinformante.mx\/wp-content\/uploads\/2024\/06\/8-SMSEM-300x147.jpg 300w, https:\/\/elinformante.mx\/wp-content\/uploads\/2024\/06\/8-SMSEM-768x377.jpg 768w, https:\/\/elinformante.mx\/wp-content\/uploads\/2024\/06\/8-SMSEM-580x285.jpg 580w, https:\/\/elinformante.mx\/wp-content\/uploads\/2024\/06\/8-SMSEM-860x422.jpg 860w, https:\/\/elinformante.mx\/wp-content\/uploads\/2024\/06\/8-SMSEM.jpg 1140w\" sizes=\"(max-width: 1024px) 100vw, 1024px\" \/><\/figure>\n\n\n\n<p>Indic\u00f3 que casi la totalidad de los perfiles participantes del Estado de M\u00e9xico resultaron merecedores a esta condecoraci\u00f3n que incluye una medalla de oro, un est\u00edmulo econ\u00f3mico y un diploma que otorga el Sindicato de Maestros al Servicio del Estado de M\u00e9xico.<br><\/p>\n\n\n\n<p>Durante esta ceremonia, con la que se dio continuidad a las entregas realizadas el pasado 15 de mayo \u201cD\u00eda del Maestro\u201d por el Presidente Andr\u00e9s Manuel L\u00f3pez Obrador y la Gobernadora Delfina G\u00f3mez \u00c1lvarez, se hizo un reconocimiento post mortem a la familia del Profesor Melecio Roberto Guzm\u00e1n Ortega, quien contaba con 40 a\u00f1os y cuatro meses de servicio, mismo que falleci\u00f3 el pasado mes de febrero.<br><\/p>\n\n\n\n<p>Hern\u00e1ndez Espejel enfatiz\u00f3 que la dedicaci\u00f3n y amor por la docencia de estos maestros no s\u00f3lo prevalecen, sino que se fortalecen con los a\u00f1os; adem\u00e1s, su labor diaria en las aulas, bajo el modelo pedag\u00f3gico de la Nueva Escuela Mexicana impregna valores como el humanismo, la inclusi\u00f3n, la igualdad, la honestidad y el respeto a las personas, promoviendo una cultura de paz y no violencia en las escuelas.<br><\/p>\n\n\n\n<p>Por su parte, Marco Aurelio Carbajal Leyva, Secretario General del Sindicato de Maestros al Servicio del Estado de M\u00e9xico destac\u00f3 que el reconocimiento lleva el nombre de Ignacio Manuel Altamirano, un luchador social, autor y promotor de la educaci\u00f3n, cuyas virtudes y compromiso con la ense\u00f1anza reflejan la labor de los docentes galardonados.<br><\/p>\n\n\n\n<p>En la ceremonia realizada en la Unidad Acad\u00e9mica del Sindicato de Maestros al Servicio del Estado de M\u00e9xico, tambi\u00e9n estuvieron Lucila P\u00e9rez Torrijos, encargada del Despacho en la Coordinaci\u00f3n Estatal del Servicio Profesional Docente; entre otras autoridades educativas y familias de las y los docentes condecorados.<\/p>\n","protected":false},"excerpt":{"rendered":"<p>Este galard\u00f3n es otorgado por la SEP y destaca el desempe\u00f1o docente, el cual fue gestionado por el Gobierno del Estado de M\u00e9xico a trav\u00e9s de la SECTI. Los galardonados recibieron una medalla de oro, un est\u00edmulo econ\u00f3mico y un diploma otorgado por el Sindicato de Maestros al Servicio del Estado de M\u00e9xico. Un total [&hellip;]<\/p>\n","protected":false},"author":1,"featured_media":56363,"comment_status":"closed","ping_status":"closed","sticky":false,"template":"","format":"standard","meta":{"footnotes":""},"categories":[30,36,31],"tags":[],"class_list":["post-56362","post","type-post","status-publish","format-standard","has-post-thumbnail","hentry","category-destacado","category-edomex","category-portada"],"_links":{"self":[{"href":"https:\/\/elinformante.mx\/index.php?rest_route=\/wp\/v2\/posts\/56362","targetHints":{"allow":["GET"]}}],"collection":[{"href":"https:\/\/elinformante.mx\/index.php?rest_route=\/wp\/v2\/posts"}],"about":[{"href":"https:\/\/elinformante.mx\/index.php?rest_route=\/wp\/v2\/types\/post"}],"author":[{"embeddable":true,"href":"https:\/\/elinformante.mx\/index.php?rest_route=\/wp\/v2\/users\/1"}],"replies":[{"embeddable":true,"href":"https:\/\/elinformante.mx\/index.php?rest_route=%2Fwp%2Fv2%2Fcomments&post=56362"}],"version-history":[{"count":0,"href":"https:\/\/elinformante.mx\/index.php?rest_route=\/wp\/v2\/posts\/56362\/revisions"}],"wp:featuredmedia":[{"embeddable":true,"href":"https:\/\/elinformante.mx\/index.php?rest_route=\/wp\/v2\/media\/56363"}],"wp:attachment":[{"href":"https:\/\/elinformante.mx\/index.php?rest_route=%2Fwp%2Fv2%2Fmedia&parent=56362"}],"wp:term":[{"taxonomy":"category","embeddable":true,"href":"https:\/\/elinformante.mx\/index.php?rest_route=%2Fwp%2Fv2%2Fcategories&post=56362"},{"taxonomy":"post_tag","embeddable":true,"href":"https:\/\/elinformante.mx\/index.php?rest_route=%2Fwp%2Fv2%2Ftags&post=56362"}],"curies":[{"name":"wp","href":"https:\/\/api.w.org\/{rel}","templated":true}]}}