{"id":56366,"date":"2024-06-07T06:41:42","date_gmt":"2024-06-07T12:41:42","guid":{"rendered":"https:\/\/elinformante.mx\/?p=56366"},"modified":"2024-06-07T06:41:43","modified_gmt":"2024-06-07T12:41:43","slug":"arranca-en-edomex-entrega-de-tarjetas-de-salud-y-bienestar","status":"publish","type":"post","link":"https:\/\/elinformante.mx\/?p=56366","title":{"rendered":"Arranca en Edom\u00e9x entrega de Tarjetas de Salud y Bienestar"},"content":{"rendered":"\n<blockquote class=\"wp-block-quote is-layout-flow wp-block-quote-is-layout-flow\">\n<p>Destinan 648 mdp a Centros de Salud y de Servicios Especializados como parte de la incorporaci\u00f3n del Estado de M\u00e9xico al IMSS-Bienestar.<\/p>\n<\/blockquote>\n\n\n\n<p>La gobernadora del Estado de M\u00e9xico, Delfina G\u00f3mez \u00c1lvarez inici\u00f3 la entrega de mil 074 tarjetas para los Comit\u00e9s de Salud y Bienestar como parte del programa \u201cLa Cl\u00ednica es Nuestra\u201d, con recursos que ascienden a 684 millones 800 mil pesos que se dispersar\u00e1n de manera directa y transparente para fortalecer el sistema de salud mexiquense.<br><\/p>\n\n\n\n<figure class=\"wp-block-image size-large\"><img fetchpriority=\"high\" decoding=\"async\" width=\"1024\" height=\"503\" src=\"https:\/\/elinformante.mx\/wp-content\/uploads\/2024\/06\/EN-TEXCOCO-2-1024x503.jpg\" alt=\"\" class=\"wp-image-56368\" srcset=\"https:\/\/elinformante.mx\/wp-content\/uploads\/2024\/06\/EN-TEXCOCO-2-1024x503.jpg 1024w, https:\/\/elinformante.mx\/wp-content\/uploads\/2024\/06\/EN-TEXCOCO-2-300x147.jpg 300w, https:\/\/elinformante.mx\/wp-content\/uploads\/2024\/06\/EN-TEXCOCO-2-768x377.jpg 768w, https:\/\/elinformante.mx\/wp-content\/uploads\/2024\/06\/EN-TEXCOCO-2-580x285.jpg 580w, https:\/\/elinformante.mx\/wp-content\/uploads\/2024\/06\/EN-TEXCOCO-2-860x422.jpg 860w, https:\/\/elinformante.mx\/wp-content\/uploads\/2024\/06\/EN-TEXCOCO-2.jpg 1140w\" sizes=\"(max-width: 1024px) 100vw, 1024px\" \/><\/figure>\n\n\n\n<p>\u201cHoy nos encontramos reunidos para anunciar un paso m\u00e1s en la garant\u00eda de un derecho universal y fundamental para el pueblo mexiquense, como lo es el acceso a la salud, que adem\u00e1s es un eje transversal para promover el bienestar y la justicia social para todas y todos\u201d, subray\u00f3 Delfina G\u00f3mez \u00c1lvarez al destacar que la entidad mexiquense es una de las m\u00e1s beneficiadas por \u201cLa Cl\u00ednica es Nuestra\u201d.<br><\/p>\n\n\n\n<p>La gobernadora Delfina G\u00f3mez \u00c1lvarez puntualiz\u00f3 que el Gobierno de M\u00e9xico asign\u00f3 648 millones 800 mil pesos al Estado de M\u00e9xico para atender este programa a trav\u00e9s de 501 Centros de Salud de un consultorio; 288 de dos consultorios; 122, de tres a cinco consultorios, y 88 Centros de Salud de seis o m\u00e1s consultorios, adem\u00e1s de 75 centros de servicios especializados. En Texcoco, se beneficiar\u00e1 a 17 cl\u00ednicas con un consultorio; cinco cl\u00ednicas con dos, y cinco cl\u00ednicas con seis o m\u00e1s consultorios.<br><\/p>\n\n\n\n<figure class=\"wp-block-image size-large\"><img decoding=\"async\" width=\"1024\" height=\"503\" src=\"https:\/\/elinformante.mx\/wp-content\/uploads\/2024\/06\/EN-TEXCOCO-3-1024x503.jpg\" alt=\"\" class=\"wp-image-56369\" srcset=\"https:\/\/elinformante.mx\/wp-content\/uploads\/2024\/06\/EN-TEXCOCO-3-1024x503.jpg 1024w, https:\/\/elinformante.mx\/wp-content\/uploads\/2024\/06\/EN-TEXCOCO-3-300x147.jpg 300w, https:\/\/elinformante.mx\/wp-content\/uploads\/2024\/06\/EN-TEXCOCO-3-768x377.jpg 768w, https:\/\/elinformante.mx\/wp-content\/uploads\/2024\/06\/EN-TEXCOCO-3-580x285.jpg 580w, https:\/\/elinformante.mx\/wp-content\/uploads\/2024\/06\/EN-TEXCOCO-3-860x422.jpg 860w, https:\/\/elinformante.mx\/wp-content\/uploads\/2024\/06\/EN-TEXCOCO-3.jpg 1140w\" sizes=\"(max-width: 1024px) 100vw, 1024px\" \/><\/figure>\n\n\n\n<p>\u201cDe la mano del Gobierno de M\u00e9xico y a trav\u00e9s de este importante programa de \u201cLa Cl\u00ednica es Nuestra\u201d, estamos asegurando que los mexiquenses reciban los servicios de salud que merecen y que las y los trabajadores de la salud tengan las condiciones de trabajo adecuadas\u201d, resalt\u00f3 Delfina G\u00f3mez \u00c1lvarez.<br><\/p>\n\n\n\n<p>La gobernadora destac\u00f3 que \u201cLa Cl\u00ednica es Nuestra\u201d es un acierto del Presidente Andr\u00e9s Manuel L\u00f3pez Obrador, quien encabeza una ardua labor para transformar espacios de salud.<br><\/p>\n\n\n\n<figure class=\"wp-block-image size-large\"><img decoding=\"async\" width=\"1024\" height=\"503\" src=\"https:\/\/elinformante.mx\/wp-content\/uploads\/2024\/06\/EN-TEXCOCO-5-1024x503.jpg\" alt=\"\" class=\"wp-image-56370\" srcset=\"https:\/\/elinformante.mx\/wp-content\/uploads\/2024\/06\/EN-TEXCOCO-5-1024x503.jpg 1024w, https:\/\/elinformante.mx\/wp-content\/uploads\/2024\/06\/EN-TEXCOCO-5-300x147.jpg 300w, https:\/\/elinformante.mx\/wp-content\/uploads\/2024\/06\/EN-TEXCOCO-5-768x377.jpg 768w, https:\/\/elinformante.mx\/wp-content\/uploads\/2024\/06\/EN-TEXCOCO-5-580x285.jpg 580w, https:\/\/elinformante.mx\/wp-content\/uploads\/2024\/06\/EN-TEXCOCO-5-860x422.jpg 860w, https:\/\/elinformante.mx\/wp-content\/uploads\/2024\/06\/EN-TEXCOCO-5.jpg 1140w\" sizes=\"(max-width: 1024px) 100vw, 1024px\" \/><\/figure>\n\n\n\n<p>En ese sentido, el Gobierno del Estado de M\u00e9xico trabaja en el rescate de 10 unidades m\u00e9dicas, cuyas obras quedaron inconclusas por administraciones anteriores, entre ellas, el Centro de Oncolog\u00eda en Ecatepec, ya que era una de las entidades m\u00e1s olvidadas.<br><\/p>\n\n\n\n<p>En el evento estuvieron Axay\u00e1catl Emiliano Ram\u00edrez Ch\u00e1vez, Delegado de Programas del Bienestar en el Estado de M\u00e9xico; Macarena Montoya Olvera, Secretaria de Salud del Estado de M\u00e9xico; Humberto Quesada, en representaci\u00f3n de Guadalupe Guerrero Avenda\u00f1o, Coordinadora del IMSS para el Bienestar; Elizabeth Terrazas Ram\u00edrez, Presidenta Municipal de Texcoco, y beneficiarias y beneficiarios del programa \u201cLa Cl\u00ednica es Nuestra\u201d.<\/p>\n\n\n\n<figure class=\"wp-block-image size-large\"><img loading=\"lazy\" decoding=\"async\" width=\"1024\" height=\"503\" src=\"https:\/\/elinformante.mx\/wp-content\/uploads\/2024\/06\/EN-TEXCOCO-1024x503.jpg\" alt=\"\" class=\"wp-image-56371\" srcset=\"https:\/\/elinformante.mx\/wp-content\/uploads\/2024\/06\/EN-TEXCOCO-1024x503.jpg 1024w, https:\/\/elinformante.mx\/wp-content\/uploads\/2024\/06\/EN-TEXCOCO-300x147.jpg 300w, https:\/\/elinformante.mx\/wp-content\/uploads\/2024\/06\/EN-TEXCOCO-768x377.jpg 768w, https:\/\/elinformante.mx\/wp-content\/uploads\/2024\/06\/EN-TEXCOCO-580x285.jpg 580w, https:\/\/elinformante.mx\/wp-content\/uploads\/2024\/06\/EN-TEXCOCO-860x422.jpg 860w, https:\/\/elinformante.mx\/wp-content\/uploads\/2024\/06\/EN-TEXCOCO.jpg 1140w\" sizes=\"(max-width: 1024px) 100vw, 1024px\" \/><\/figure>\n","protected":false},"excerpt":{"rendered":"<p>Destinan 648 mdp a Centros de Salud y de Servicios Especializados como parte de la incorporaci\u00f3n del Estado de M\u00e9xico al IMSS-Bienestar. La gobernadora del Estado de M\u00e9xico, Delfina G\u00f3mez \u00c1lvarez inici\u00f3 la entrega de mil 074 tarjetas para los Comit\u00e9s de Salud y Bienestar como parte del programa \u201cLa Cl\u00ednica es Nuestra\u201d, con recursos [&hellip;]<\/p>\n","protected":false},"author":1,"featured_media":56367,"comment_status":"closed","ping_status":"closed","sticky":false,"template":"","format":"standard","meta":{"footnotes":""},"categories":[30,36,31],"tags":[],"class_list":["post-56366","post","type-post","status-publish","format-standard","has-post-thumbnail","hentry","category-destacado","category-edomex","category-portada"],"_links":{"self":[{"href":"https:\/\/elinformante.mx\/index.php?rest_route=\/wp\/v2\/posts\/56366","targetHints":{"allow":["GET"]}}],"collection":[{"href":"https:\/\/elinformante.mx\/index.php?rest_route=\/wp\/v2\/posts"}],"about":[{"href":"https:\/\/elinformante.mx\/index.php?rest_route=\/wp\/v2\/types\/post"}],"author":[{"embeddable":true,"href":"https:\/\/elinformante.mx\/index.php?rest_route=\/wp\/v2\/users\/1"}],"replies":[{"embeddable":true,"href":"https:\/\/elinformante.mx\/index.php?rest_route=%2Fwp%2Fv2%2Fcomments&post=56366"}],"version-history":[{"count":0,"href":"https:\/\/elinformante.mx\/index.php?rest_route=\/wp\/v2\/posts\/56366\/revisions"}],"wp:featuredmedia":[{"embeddable":true,"href":"https:\/\/elinformante.mx\/index.php?rest_route=\/wp\/v2\/media\/56367"}],"wp:attachment":[{"href":"https:\/\/elinformante.mx\/index.php?rest_route=%2Fwp%2Fv2%2Fmedia&parent=56366"}],"wp:term":[{"taxonomy":"category","embeddable":true,"href":"https:\/\/elinformante.mx\/index.php?rest_route=%2Fwp%2Fv2%2Fcategories&post=56366"},{"taxonomy":"post_tag","embeddable":true,"href":"https:\/\/elinformante.mx\/index.php?rest_route=%2Fwp%2Fv2%2Ftags&post=56366"}],"curies":[{"name":"wp","href":"https:\/\/api.w.org\/{rel}","templated":true}]}}