{"id":56376,"date":"2024-06-07T06:53:05","date_gmt":"2024-06-07T12:53:05","guid":{"rendered":"https:\/\/elinformante.mx\/?p=56376"},"modified":"2024-06-07T06:53:06","modified_gmt":"2024-06-07T12:53:06","slug":"se-confirma-triunfo-de-sheinbaum","status":"publish","type":"post","link":"https:\/\/elinformante.mx\/?p=56376","title":{"rendered":"SE CONFIRMA TRIUNFO DE SHEINBAUM"},"content":{"rendered":"\n<blockquote class=\"wp-block-quote is-layout-flow wp-block-quote-is-layout-flow\">\n<p>La candidata de la coalici\u00f3n Sigamos Haciendo Historia obtuvo casi 36 millones de votos, que son m\u00e1s de los que logr\u00f3 Andr\u00e9s Manuel L\u00f3pez Obrador en las elecciones de 2018.<\/p>\n<\/blockquote>\n\n\n\n<p>Al concluir los c\u00f3mputos distritales, Claudia Sheinbaum Pardo, candidata de Morena, Partido del Trabajo y Verde Ecologista, a la Presidencia de la Rep\u00fablica, se oficializ\u00f3 su triunfo en los comicios del 2 de junio.<br><\/p>\n\n\n\n<figure class=\"wp-block-image size-large\"><img fetchpriority=\"high\" decoding=\"async\" width=\"1024\" height=\"503\" src=\"https:\/\/elinformante.mx\/wp-content\/uploads\/2024\/06\/SE-CONFIRMA-1024x503.jpg\" alt=\"\" class=\"wp-image-56378\" srcset=\"https:\/\/elinformante.mx\/wp-content\/uploads\/2024\/06\/SE-CONFIRMA-1024x503.jpg 1024w, https:\/\/elinformante.mx\/wp-content\/uploads\/2024\/06\/SE-CONFIRMA-300x147.jpg 300w, https:\/\/elinformante.mx\/wp-content\/uploads\/2024\/06\/SE-CONFIRMA-768x377.jpg 768w, https:\/\/elinformante.mx\/wp-content\/uploads\/2024\/06\/SE-CONFIRMA-580x285.jpg 580w, https:\/\/elinformante.mx\/wp-content\/uploads\/2024\/06\/SE-CONFIRMA-860x422.jpg 860w, https:\/\/elinformante.mx\/wp-content\/uploads\/2024\/06\/SE-CONFIRMA.jpg 1140w\" sizes=\"(max-width: 1024px) 100vw, 1024px\" \/><\/figure>\n\n\n\n<p>Los resultados emitidos por el Instituto Nacional Electoral (INE) le dan la victoria por 32.3 puntos sobre la abanderada de PRI, PAN y PRD, X\u00f3chitl G\u00e1lvez.<br><\/p>\n\n\n\n<p>La candidata oficial logr\u00f3 35 millones 923 mil 996 votos, lo que representa 59.75 por ciento de la votaci\u00f3n en la elecci\u00f3n presidencial, para convertirse en la pr\u00f3xima titular del Ejecutivo.<br><\/p>\n\n\n\n<figure class=\"wp-block-image size-large\"><img decoding=\"async\" width=\"1024\" height=\"503\" src=\"https:\/\/elinformante.mx\/wp-content\/uploads\/2024\/06\/SE-CONFIRMA-6-1024x503.jpg\" alt=\"\" class=\"wp-image-56379\" srcset=\"https:\/\/elinformante.mx\/wp-content\/uploads\/2024\/06\/SE-CONFIRMA-6-1024x503.jpg 1024w, https:\/\/elinformante.mx\/wp-content\/uploads\/2024\/06\/SE-CONFIRMA-6-300x147.jpg 300w, https:\/\/elinformante.mx\/wp-content\/uploads\/2024\/06\/SE-CONFIRMA-6-768x377.jpg 768w, https:\/\/elinformante.mx\/wp-content\/uploads\/2024\/06\/SE-CONFIRMA-6-580x285.jpg 580w, https:\/\/elinformante.mx\/wp-content\/uploads\/2024\/06\/SE-CONFIRMA-6-860x422.jpg 860w, https:\/\/elinformante.mx\/wp-content\/uploads\/2024\/06\/SE-CONFIRMA-6.jpg 1140w\" sizes=\"(max-width: 1024px) 100vw, 1024px\" \/><\/figure>\n\n\n\n<p>Las 170 mil 766 actas capturadas de la votaci\u00f3n de la contienda presidencial del domingo 2 de junio arrojaron qu\u00e9 el segundo lugar en la contienda presidencial es para X\u00f3chitl G\u00e1lvez Ru\u00edz con 16 millones 502 mil 444 votos, que representan el 27.45 por ciento y el tercero para Jorge \u00c1lvarez M\u00e1ynez con 6 millones 204 mil 516 votos, que representan 10.32 por ciento.<br><\/p>\n\n\n\n<p>La participaci\u00f3n ciudadana se situ\u00f3 en 60 millones 114 mil 183 personas, lo que representa 61.04 por ciento de la lista nominal.<br><\/p>\n\n\n\n<figure class=\"wp-block-image size-large\"><img decoding=\"async\" width=\"1024\" height=\"503\" src=\"https:\/\/elinformante.mx\/wp-content\/uploads\/2024\/06\/SE-CONFIRMA-4-1024x503.jpg\" alt=\"\" class=\"wp-image-56380\" srcset=\"https:\/\/elinformante.mx\/wp-content\/uploads\/2024\/06\/SE-CONFIRMA-4-1024x503.jpg 1024w, https:\/\/elinformante.mx\/wp-content\/uploads\/2024\/06\/SE-CONFIRMA-4-300x147.jpg 300w, https:\/\/elinformante.mx\/wp-content\/uploads\/2024\/06\/SE-CONFIRMA-4-768x377.jpg 768w, https:\/\/elinformante.mx\/wp-content\/uploads\/2024\/06\/SE-CONFIRMA-4-580x285.jpg 580w, https:\/\/elinformante.mx\/wp-content\/uploads\/2024\/06\/SE-CONFIRMA-4-860x422.jpg 860w, https:\/\/elinformante.mx\/wp-content\/uploads\/2024\/06\/SE-CONFIRMA-4.jpg 1140w\" sizes=\"(max-width: 1024px) 100vw, 1024px\" \/><\/figure>\n\n\n\n<p>Se registraron un mill\u00f3n 400 mil 117 votos nulos, el 2.32 por ciento del total de participaci\u00f3n, as\u00ed como 83 mil 110 votos en favor de una candidatura no registrada, el .13 por ciento de la elecci\u00f3n.<br><\/p>\n\n\n\n<p>La autoridad electoral report\u00f3 que, adem\u00e1s 116 mil 397 paquetes, equivalentes a 68.16 por ciento se recontaron y en los restantes 54 mil 224, es decir, 31.75 por ciento, se cotejaron los datos de las actas contenidas en el expediente.<br><\/p>\n\n\n\n<figure class=\"wp-block-image size-large\"><img loading=\"lazy\" decoding=\"async\" width=\"1024\" height=\"503\" src=\"https:\/\/elinformante.mx\/wp-content\/uploads\/2024\/06\/SE-CONFIRMA-3-1024x503.jpg\" alt=\"\" class=\"wp-image-56381\" srcset=\"https:\/\/elinformante.mx\/wp-content\/uploads\/2024\/06\/SE-CONFIRMA-3-1024x503.jpg 1024w, https:\/\/elinformante.mx\/wp-content\/uploads\/2024\/06\/SE-CONFIRMA-3-300x147.jpg 300w, https:\/\/elinformante.mx\/wp-content\/uploads\/2024\/06\/SE-CONFIRMA-3-768x377.jpg 768w, https:\/\/elinformante.mx\/wp-content\/uploads\/2024\/06\/SE-CONFIRMA-3-580x285.jpg 580w, https:\/\/elinformante.mx\/wp-content\/uploads\/2024\/06\/SE-CONFIRMA-3-860x422.jpg 860w, https:\/\/elinformante.mx\/wp-content\/uploads\/2024\/06\/SE-CONFIRMA-3.jpg 1140w\" sizes=\"(max-width: 1024px) 100vw, 1024px\" \/><\/figure>\n\n\n\n<p>Los datos arrojados por los c\u00f3mputos distritales, matizan con los del Programa de Resultados Electorales Preliminares (PREP) el cual concluy\u00f3 con 60.92 por ciento de participaci\u00f3n ciudadana contabilizada, dentro del rango estimado del Conteo R\u00e1pido ubicado entre 60 y el 61.5 por ciento.<br><\/p>\n\n\n\n<p>El resultado de estos c\u00f3mputos ser\u00e1 reportado el domingo 9 de junio por el Consejo General del INE y remitido al Tribunal Electoral del Poder Judicial de la Federaci\u00f3n (TEPJF), que se encargar\u00e1 de calificar la elecci\u00f3n presidencial y en su momento, otorgar la constancia de presidenta electa a Claudia Sheinbaum Pardo.<\/p>\n\n\n\n<figure class=\"wp-block-image size-large\"><img loading=\"lazy\" decoding=\"async\" width=\"1024\" height=\"503\" src=\"https:\/\/elinformante.mx\/wp-content\/uploads\/2024\/06\/SE-CONFIRMA-2-1024x503.jpg\" alt=\"\" class=\"wp-image-56382\" srcset=\"https:\/\/elinformante.mx\/wp-content\/uploads\/2024\/06\/SE-CONFIRMA-2-1024x503.jpg 1024w, https:\/\/elinformante.mx\/wp-content\/uploads\/2024\/06\/SE-CONFIRMA-2-300x147.jpg 300w, https:\/\/elinformante.mx\/wp-content\/uploads\/2024\/06\/SE-CONFIRMA-2-768x377.jpg 768w, https:\/\/elinformante.mx\/wp-content\/uploads\/2024\/06\/SE-CONFIRMA-2-580x285.jpg 580w, https:\/\/elinformante.mx\/wp-content\/uploads\/2024\/06\/SE-CONFIRMA-2-860x422.jpg 860w, https:\/\/elinformante.mx\/wp-content\/uploads\/2024\/06\/SE-CONFIRMA-2.jpg 1140w\" sizes=\"(max-width: 1024px) 100vw, 1024px\" \/><\/figure>\n","protected":false},"excerpt":{"rendered":"<p>La candidata de la coalici\u00f3n Sigamos Haciendo Historia obtuvo casi 36 millones de votos, que son m\u00e1s de los que logr\u00f3 Andr\u00e9s Manuel L\u00f3pez Obrador en las elecciones de 2018. Al concluir los c\u00f3mputos distritales, Claudia Sheinbaum Pardo, candidata de Morena, Partido del Trabajo y Verde Ecologista, a la Presidencia de la Rep\u00fablica, se oficializ\u00f3 [&hellip;]<\/p>\n","protected":false},"author":1,"featured_media":56377,"comment_status":"closed","ping_status":"closed","sticky":false,"template":"","format":"standard","meta":{"footnotes":""},"categories":[30,34,31],"tags":[],"class_list":["post-56376","post","type-post","status-publish","format-standard","has-post-thumbnail","hentry","category-destacado","category-nacional","category-portada"],"_links":{"self":[{"href":"https:\/\/elinformante.mx\/index.php?rest_route=\/wp\/v2\/posts\/56376","targetHints":{"allow":["GET"]}}],"collection":[{"href":"https:\/\/elinformante.mx\/index.php?rest_route=\/wp\/v2\/posts"}],"about":[{"href":"https:\/\/elinformante.mx\/index.php?rest_route=\/wp\/v2\/types\/post"}],"author":[{"embeddable":true,"href":"https:\/\/elinformante.mx\/index.php?rest_route=\/wp\/v2\/users\/1"}],"replies":[{"embeddable":true,"href":"https:\/\/elinformante.mx\/index.php?rest_route=%2Fwp%2Fv2%2Fcomments&post=56376"}],"version-history":[{"count":0,"href":"https:\/\/elinformante.mx\/index.php?rest_route=\/wp\/v2\/posts\/56376\/revisions"}],"wp:featuredmedia":[{"embeddable":true,"href":"https:\/\/elinformante.mx\/index.php?rest_route=\/wp\/v2\/media\/56377"}],"wp:attachment":[{"href":"https:\/\/elinformante.mx\/index.php?rest_route=%2Fwp%2Fv2%2Fmedia&parent=56376"}],"wp:term":[{"taxonomy":"category","embeddable":true,"href":"https:\/\/elinformante.mx\/index.php?rest_route=%2Fwp%2Fv2%2Fcategories&post=56376"},{"taxonomy":"post_tag","embeddable":true,"href":"https:\/\/elinformante.mx\/index.php?rest_route=%2Fwp%2Fv2%2Ftags&post=56376"}],"curies":[{"name":"wp","href":"https:\/\/api.w.org\/{rel}","templated":true}]}}