{"id":56753,"date":"2024-06-13T05:45:36","date_gmt":"2024-06-13T11:45:36","guid":{"rendered":"https:\/\/elinformante.mx\/?p=56753"},"modified":"2024-06-13T05:45:37","modified_gmt":"2024-06-13T11:45:37","slug":"vinculan-a-proceso-a-fofo-marquez-por-feminicidio-en-grado-de-tentativa","status":"publish","type":"post","link":"https:\/\/elinformante.mx\/?p=56753","title":{"rendered":"Vinculan a proceso a \u201cFofo\u201d M\u00e1rquez por feminicidio en grado de tentativa"},"content":{"rendered":"\n<blockquote class=\"wp-block-quote is-layout-flow wp-block-quote-is-layout-flow\">\n<p class=\"wp-block-paragraph\">El sujeto seguir\u00e1 con medida cautelar de prisi\u00f3n preventiva justificada en el penal de Barrientos, y el pr\u00f3ximo 3 de agosto vence el plazo para el cierre de la investigaci\u00f3n complementaria.<\/p>\n<\/blockquote>\n\n\n\n<p class=\"wp-block-paragraph\">El Primer Tribunal de Alzada de Tlalnepantla deneg\u00f3 retipificar como \u201clesiones dolosas\u201d la conducta il\u00edcita que le es imputada al influencer Rodolfo \u201cN\u201d, alias \u201cFofo\u201d, y confirm\u00f3 la vinculaci\u00f3n a proceso por su probable intervenci\u00f3n en el hecho delictivo de feminicidio en grado de tentativa.<br><\/p>\n\n\n\n<p class=\"wp-block-paragraph\">La determinaci\u00f3n se tom\u00f3 este martes, al resolver la apelaci\u00f3n interpuesta por la defensa jur\u00eddica del imputado. Los magistrados confirmaron la determinaci\u00f3n del Juez de Control, al considerar que el agente del Ministerio P\u00fablico, con los datos de prueba aportados, acredit\u00f3 la conducta dolosa con que se condujo el imputado.<br><\/p>\n\n\n\n<p class=\"wp-block-paragraph\">Por tanto, Rodolfo \u201cN\u201d seguir\u00e1 con medida cautelar de prisi\u00f3n preventiva justificada en el penal de Barrientos, y el pr\u00f3ximo 3 de agosto vence el plazo para el cierre de la investigaci\u00f3n complementaria.<br><\/p>\n\n\n\n<p class=\"wp-block-paragraph\">El \u201cFofo\u201d fue detenido el pasado 04 de abril en el municipio de Naucalpan por golpear a una mujer en el estacionamiento de una plaza comercial; el hecho ocurri\u00f3 el 22 de febrero.<br><\/p>\n\n\n\n<p class=\"wp-block-paragraph\">Algunos videos de la agresi\u00f3n levantados por testigos fueron difundidos en redes sociales, y despu\u00e9s tambi\u00e9n se conocieron las im\u00e1genes de las c\u00e1maras de videovigilancia.<br><\/p>\n\n\n\n<p class=\"wp-block-paragraph\">De los testimonios se desprende que el diferendo tuvo su origen en el \u201calcance\u201d que la v\u00edctima realiz\u00f3 con su veh\u00edculo al espejo de la unidad en que se trasladaba Rodolfo \u201cN\u201d.<br><\/p>\n\n\n\n<p class=\"wp-block-paragraph\">Seg\u00fan la imputaci\u00f3n, la agresi\u00f3n ocurri\u00f3 a pesar de que la mujer ofreci\u00f3 llamar al seguro para evaluar y cubrir los gastos.<br><\/p>\n\n\n\n<p class=\"wp-block-paragraph\">La defensa del creador de contenido solicit\u00f3 recategorizar la conducta bajo el argumento de que la golpiza apenas dur\u00f3 ocho segundos, y no un minuto y medio, como lo asegur\u00f3 la Fiscal\u00eda, por lo que el ataque s\u00f3lo tuvo la intenci\u00f3n de lesionar, no de asesinar.<\/p>\n","protected":false},"excerpt":{"rendered":"<p>El sujeto seguir\u00e1 con medida cautelar de prisi\u00f3n preventiva justificada en el penal de Barrientos, y el pr\u00f3ximo 3 de agosto vence el plazo para el cierre de la investigaci\u00f3n complementaria. El Primer Tribunal de Alzada de Tlalnepantla deneg\u00f3 retipificar como \u201clesiones dolosas\u201d la conducta il\u00edcita que le es imputada al influencer Rodolfo \u201cN\u201d, alias [&hellip;]<\/p>\n","protected":false},"author":1,"featured_media":56754,"comment_status":"closed","ping_status":"closed","sticky":false,"template":"","format":"standard","meta":{"footnotes":""},"categories":[36,37],"tags":[],"class_list":["post-56753","post","type-post","status-publish","format-standard","has-post-thumbnail","hentry","category-edomex","category-justicia"],"_links":{"self":[{"href":"https:\/\/elinformante.mx\/index.php?rest_route=\/wp\/v2\/posts\/56753","targetHints":{"allow":["GET"]}}],"collection":[{"href":"https:\/\/elinformante.mx\/index.php?rest_route=\/wp\/v2\/posts"}],"about":[{"href":"https:\/\/elinformante.mx\/index.php?rest_route=\/wp\/v2\/types\/post"}],"author":[{"embeddable":true,"href":"https:\/\/elinformante.mx\/index.php?rest_route=\/wp\/v2\/users\/1"}],"replies":[{"embeddable":true,"href":"https:\/\/elinformante.mx\/index.php?rest_route=%2Fwp%2Fv2%2Fcomments&post=56753"}],"version-history":[{"count":0,"href":"https:\/\/elinformante.mx\/index.php?rest_route=\/wp\/v2\/posts\/56753\/revisions"}],"wp:featuredmedia":[{"embeddable":true,"href":"https:\/\/elinformante.mx\/index.php?rest_route=\/wp\/v2\/media\/56754"}],"wp:attachment":[{"href":"https:\/\/elinformante.mx\/index.php?rest_route=%2Fwp%2Fv2%2Fmedia&parent=56753"}],"wp:term":[{"taxonomy":"category","embeddable":true,"href":"https:\/\/elinformante.mx\/index.php?rest_route=%2Fwp%2Fv2%2Fcategories&post=56753"},{"taxonomy":"post_tag","embeddable":true,"href":"https:\/\/elinformante.mx\/index.php?rest_route=%2Fwp%2Fv2%2Ftags&post=56753"}],"curies":[{"name":"wp","href":"https:\/\/api.w.org\/{rel}","templated":true}]}}