{"id":56786,"date":"2024-06-13T06:20:29","date_gmt":"2024-06-13T12:20:29","guid":{"rendered":"https:\/\/elinformante.mx\/?p=56786"},"modified":"2024-06-13T06:20:30","modified_gmt":"2024-06-13T12:20:30","slug":"no-pudo-andres-andrade-tellez-pierde-ante-la-inseguridad","status":"publish","type":"post","link":"https:\/\/elinformante.mx\/?p=56786","title":{"rendered":"\u00a1No pudo! Andr\u00e9s Andrade T\u00e9llez pierde ante la inseguridad"},"content":{"rendered":"\n<blockquote class=\"wp-block-quote is-layout-flow wp-block-quote-is-layout-flow\">\n<p class=\"wp-block-paragraph\">Su destituci\u00f3n, que se dar\u00e1 a conocer en unos d\u00edas, obedece a los nulos resultados que se han tenido en materia de seguridad en el Estado de M\u00e9xico.<\/p>\n<\/blockquote>\n\n\n\n<p class=\"wp-block-paragraph\">El tabasque\u00f1o Andr\u00e9s Andrade T\u00e9llez, tiene sus d\u00edas contados al frente de la Secretar\u00eda de Seguridad del Estado de M\u00e9xico (SSEM), ya que le habr\u00edan notificado que debe dejar el cargo para que llegue el Teniente Coronel Crist\u00f3bal Casta\u00f1eda Camarillo, quien fuera secretario de Seguridad en Sinaloa.<br><\/p>\n\n\n\n<p class=\"wp-block-paragraph\">As\u00ed, luego de 9 meses al frente de la Secretar\u00eda de Seguridad del Estado de M\u00e9xico (SSEM), la evaluaci\u00f3n sobre el papel de Andrade T\u00e9llez ha sido insatisfactoria, ya que se ha constatado el aumento en los \u00edndices de inseguridad, as\u00ed como el aumento de los delitos de robo, extorsi\u00f3n, asaltos y homicidios.<br><\/p>\n\n\n\n<figure class=\"wp-block-image size-large\"><img fetchpriority=\"high\" decoding=\"async\" width=\"1024\" height=\"503\" src=\"https:\/\/elinformante.mx\/wp-content\/uploads\/2024\/06\/ANDRES-2-1024x503.jpg\" alt=\"\" class=\"wp-image-56788\" srcset=\"https:\/\/elinformante.mx\/wp-content\/uploads\/2024\/06\/ANDRES-2-1024x503.jpg 1024w, https:\/\/elinformante.mx\/wp-content\/uploads\/2024\/06\/ANDRES-2-300x147.jpg 300w, https:\/\/elinformante.mx\/wp-content\/uploads\/2024\/06\/ANDRES-2-768x377.jpg 768w, https:\/\/elinformante.mx\/wp-content\/uploads\/2024\/06\/ANDRES-2-580x285.jpg 580w, https:\/\/elinformante.mx\/wp-content\/uploads\/2024\/06\/ANDRES-2-860x422.jpg 860w, https:\/\/elinformante.mx\/wp-content\/uploads\/2024\/06\/ANDRES-2.jpg 1140w\" sizes=\"(max-width: 1024px) 100vw, 1024px\" \/><\/figure>\n\n\n\n<p class=\"wp-block-paragraph\">Hay que mencionar que los esfuerzos que realiza la Fiscal\u00eda General de Justicia del Estado de M\u00e9xico (FGJEM), que encabeza Jos\u00e9 Luis Cervantes, no son suficientes ante la desorganizaci\u00f3n de la Secretar\u00eda de Seguridad, donde la apat\u00eda, la abulia, ha sentado sus reales.<br><\/p>\n\n\n\n<p class=\"wp-block-paragraph\">La falta de coordinaci\u00f3n en la dependencia es muy clara, pero tambi\u00e9n lo es la prepotencia con que act\u00faa Andrade T\u00e9llez.<br><\/p>\n\n\n\n<p class=\"wp-block-paragraph\">Adem\u00e1s, no debe olivarse que penden sobre \u00e9l acusaciones, como la que se hizo a mediados de marzo, cuando colectivas feministas exigieron la destituci\u00f3n de Andrade T\u00e9llez por los actos de represi\u00f3n durante el 8 de marzo de 2024.<br><\/p>\n\n\n\n<figure class=\"wp-block-image size-large\"><img decoding=\"async\" width=\"1024\" height=\"503\" src=\"https:\/\/elinformante.mx\/wp-content\/uploads\/2024\/06\/ANDRES-3-1024x503.jpg\" alt=\"\" class=\"wp-image-56789\" srcset=\"https:\/\/elinformante.mx\/wp-content\/uploads\/2024\/06\/ANDRES-3-1024x503.jpg 1024w, https:\/\/elinformante.mx\/wp-content\/uploads\/2024\/06\/ANDRES-3-300x147.jpg 300w, https:\/\/elinformante.mx\/wp-content\/uploads\/2024\/06\/ANDRES-3-768x377.jpg 768w, https:\/\/elinformante.mx\/wp-content\/uploads\/2024\/06\/ANDRES-3-580x285.jpg 580w, https:\/\/elinformante.mx\/wp-content\/uploads\/2024\/06\/ANDRES-3-860x422.jpg 860w, https:\/\/elinformante.mx\/wp-content\/uploads\/2024\/06\/ANDRES-3.jpg 1140w\" sizes=\"(max-width: 1024px) 100vw, 1024px\" \/><\/figure>\n\n\n\n<p class=\"wp-block-paragraph\">Fuentes dignas de cr\u00e9dito, aseguran que la gobernadora Delfina G\u00f3mez \u00c1lvarez est\u00e1 insatisfecha con los resultados que ha dado Andr\u00e9s Andrade T\u00e9llez, quien lleg\u00f3 al gabinete mexiquense como fruto de una recomendaci\u00f3n de quien es un padrino pol\u00edtico, el general Audomaro Mart\u00ednez Zapata, titular del Centro Nacional de Inteligencia (CNI).<br><\/p>\n\n\n\n<p class=\"wp-block-paragraph\">Pero este personaje tambi\u00e9n lleg\u00f3 con el sello de la duda, ya que fue cesado del CNI en el 2020 por \u00f3rdenes del entonces secretario de Seguridad, Alfonso Durazo Monta\u00f1o, y se le inici\u00f3 investigaci\u00f3n interna por el delito de \u201cfiltraci\u00f3n de informaci\u00f3n de seguridad nacional\u201d.<br><\/p>\n\n\n\n<p class=\"wp-block-paragraph\">La gobernadora ya diagnostic\u00f3 que este individuo no dio los resultados que se esperaban y que en t\u00e9rminos estrictos se ha constituido en un escollo del Gobierno mexiquense, por lo que se ha optado por cambiarlo los pr\u00f3ximos d\u00edas.<br><\/p>\n\n\n\n<figure class=\"wp-block-image size-large\"><img decoding=\"async\" width=\"1024\" height=\"503\" src=\"https:\/\/elinformante.mx\/wp-content\/uploads\/2024\/06\/ANDRES-4-1024x503.jpg\" alt=\"\" class=\"wp-image-56790\" srcset=\"https:\/\/elinformante.mx\/wp-content\/uploads\/2024\/06\/ANDRES-4-1024x503.jpg 1024w, https:\/\/elinformante.mx\/wp-content\/uploads\/2024\/06\/ANDRES-4-300x147.jpg 300w, https:\/\/elinformante.mx\/wp-content\/uploads\/2024\/06\/ANDRES-4-768x377.jpg 768w, https:\/\/elinformante.mx\/wp-content\/uploads\/2024\/06\/ANDRES-4-580x285.jpg 580w, https:\/\/elinformante.mx\/wp-content\/uploads\/2024\/06\/ANDRES-4-860x422.jpg 860w, https:\/\/elinformante.mx\/wp-content\/uploads\/2024\/06\/ANDRES-4.jpg 1140w\" sizes=\"(max-width: 1024px) 100vw, 1024px\" \/><\/figure>\n\n\n\n<p class=\"wp-block-paragraph\">Desde el 2023 se hablaba de la necesidad de hacer un cambio en la SSEM, puesto que se ten\u00edan serias dudas de Andrade T\u00e9llez y la presunci\u00f3n de que habr\u00eda estado ligado a grupos delictivos en el pasado.<br><\/p>\n\n\n\n<p class=\"wp-block-paragraph\">El nuevo titular de la Secretar\u00eda de Seguridad, ser\u00e1 el Teniente Coronel, Crist\u00f3bal Casta\u00f1eda Camarillo, ex secretario de Seguridad de Sinaloa.<br><\/p>\n\n\n\n<p class=\"wp-block-paragraph\">Casta\u00f1eda Camarillo no desconoce lo que pasa en la entidad mexiquense, ya que tiene algunos meses operando al lado de la gobernadora Delfina G\u00f3mez y el secretario de Gobierno, Horacio Duarte Olivares.<br><\/p>\n\n\n\n<figure class=\"wp-block-image size-large\"><img loading=\"lazy\" decoding=\"async\" width=\"1024\" height=\"503\" src=\"https:\/\/elinformante.mx\/wp-content\/uploads\/2024\/06\/ANDRES-6-1024x503.jpg\" alt=\"\" class=\"wp-image-56791\" srcset=\"https:\/\/elinformante.mx\/wp-content\/uploads\/2024\/06\/ANDRES-6-1024x503.jpg 1024w, https:\/\/elinformante.mx\/wp-content\/uploads\/2024\/06\/ANDRES-6-300x147.jpg 300w, https:\/\/elinformante.mx\/wp-content\/uploads\/2024\/06\/ANDRES-6-768x377.jpg 768w, https:\/\/elinformante.mx\/wp-content\/uploads\/2024\/06\/ANDRES-6-580x285.jpg 580w, https:\/\/elinformante.mx\/wp-content\/uploads\/2024\/06\/ANDRES-6-860x422.jpg 860w, https:\/\/elinformante.mx\/wp-content\/uploads\/2024\/06\/ANDRES-6.jpg 1140w\" sizes=\"(max-width: 1024px) 100vw, 1024px\" \/><\/figure>\n\n\n\n<p class=\"wp-block-paragraph\">Crist\u00f3bal Casta\u00f1eda Camarillo, militar de carrera, fue secretario de Seguridad del Estado de Sinaloa en el gobierno de Quirino Ordaz Coppel y de Rub\u00e9n Rocha Moya hasta agosto de 2023.<br><\/p>\n\n\n\n<p class=\"wp-block-paragraph\">Estuvo en el cargo como titular de la SSP de Sinaloa en los hechos violentos conocidos como \u201cCuliacanazo\u201d, en octubre de 2019 y en enero de 2023.<br><\/p>\n\n\n\n<p class=\"wp-block-paragraph\">En su experiencia tiene el haber trabajado 23 a\u00f1os ininterrumpidos para la Secretar\u00eda de la Defensa Nacional (SEDENA) de 1993 a 2016, entre sus puestos se encuentran el haber iniciado como comandante de unidades militares de donde pas\u00f3 a Analista de Inteligencia hasta llegar a Segundo Comandante de Jefe del Grupo Comando del 44 Batall\u00f3n de Infanter\u00eda.<\/p>\n","protected":false},"excerpt":{"rendered":"<p>Su destituci\u00f3n, que se dar\u00e1 a conocer en unos d\u00edas, obedece a los nulos resultados que se han tenido en materia de seguridad en el Estado de M\u00e9xico. El tabasque\u00f1o Andr\u00e9s Andrade T\u00e9llez, tiene sus d\u00edas contados al frente de la Secretar\u00eda de Seguridad del Estado de M\u00e9xico (SSEM), ya que le habr\u00edan notificado que [&hellip;]<\/p>\n","protected":false},"author":1,"featured_media":56787,"comment_status":"closed","ping_status":"closed","sticky":false,"template":"","format":"standard","meta":{"footnotes":""},"categories":[30,36,31],"tags":[],"class_list":["post-56786","post","type-post","status-publish","format-standard","has-post-thumbnail","hentry","category-destacado","category-edomex","category-portada"],"_links":{"self":[{"href":"https:\/\/elinformante.mx\/index.php?rest_route=\/wp\/v2\/posts\/56786","targetHints":{"allow":["GET"]}}],"collection":[{"href":"https:\/\/elinformante.mx\/index.php?rest_route=\/wp\/v2\/posts"}],"about":[{"href":"https:\/\/elinformante.mx\/index.php?rest_route=\/wp\/v2\/types\/post"}],"author":[{"embeddable":true,"href":"https:\/\/elinformante.mx\/index.php?rest_route=\/wp\/v2\/users\/1"}],"replies":[{"embeddable":true,"href":"https:\/\/elinformante.mx\/index.php?rest_route=%2Fwp%2Fv2%2Fcomments&post=56786"}],"version-history":[{"count":0,"href":"https:\/\/elinformante.mx\/index.php?rest_route=\/wp\/v2\/posts\/56786\/revisions"}],"wp:featuredmedia":[{"embeddable":true,"href":"https:\/\/elinformante.mx\/index.php?rest_route=\/wp\/v2\/media\/56787"}],"wp:attachment":[{"href":"https:\/\/elinformante.mx\/index.php?rest_route=%2Fwp%2Fv2%2Fmedia&parent=56786"}],"wp:term":[{"taxonomy":"category","embeddable":true,"href":"https:\/\/elinformante.mx\/index.php?rest_route=%2Fwp%2Fv2%2Fcategories&post=56786"},{"taxonomy":"post_tag","embeddable":true,"href":"https:\/\/elinformante.mx\/index.php?rest_route=%2Fwp%2Fv2%2Ftags&post=56786"}],"curies":[{"name":"wp","href":"https:\/\/api.w.org\/{rel}","templated":true}]}}