{"id":56856,"date":"2024-06-14T05:37:17","date_gmt":"2024-06-14T11:37:17","guid":{"rendered":"https:\/\/elinformante.mx\/?p=56856"},"modified":"2024-06-14T05:37:18","modified_gmt":"2024-06-14T11:37:18","slug":"rafael-nadal-se-enfoca-en-paris-2024-seran-sus-ultimos-juegos-olimpicos","status":"publish","type":"post","link":"https:\/\/elinformante.mx\/?p=56856","title":{"rendered":"Rafael Nadal se enfoca en Par\u00eds 2024; ser\u00e1n sus \u00faltimos Juegos Ol\u00edmpicos"},"content":{"rendered":"\n<blockquote class=\"wp-block-quote is-layout-flow wp-block-quote-is-layout-flow\">\n<p>El mallorqu\u00edn jugar\u00e1 en Par\u00eds el torneo individual y la competici\u00f3n de dobles junto a Carlos Alcaraz.<\/p>\n<\/blockquote>\n\n\n\n<p>El tenista Rafa Nadal confirm\u00f3 su presencia en los Juegos Ol\u00edmpicos de Par\u00eds 2024 y se descart\u00f3 para el pr\u00f3ximo torneo de Wimbledon.<br><\/p>\n\n\n\n<p>\u201cDurante la conferencia de prensa posterior al partido en Roland Garros, se me pregunt\u00f3 por mi calendario del verano. Desde entonces he estado entrenando sobre tierra batida. Ayer (mi\u00e9rcoles) se anunci\u00f3 que jugar\u00e9 los Juegos Ol\u00edmpicos de Par\u00eds, mis \u00faltimos Juegos Ol\u00edmpicos\u201d, escribi\u00f3 Nadal en X.<br><\/p>\n\n\n\n<p>\u201cCon ese objetivo, creemos que lo mejor para mi cuerpo es no cambiar de superficie y seguir jugando sobre tierra batida. Por ese motivo me perder\u00e9 Wimbledon este a\u00f1o\u201c, explic\u00f3, antes de confirmar que estar\u00e1 en el torneo de Bastad (Suecia), del 15 al 21 de julio.<br><\/p>\n\n\n\n<p>El torneo de tenis ol\u00edmpico en la capital francesa se disputar\u00e1 desde el 27 de julio al 4 de agosto en las mismas pistas sobre polvo de ladrillo de Roland Garros, un torneo que Nadal conquist\u00f3 en 14 ocasiones.<br><\/p>\n\n\n\n<figure class=\"wp-block-image size-large\"><img fetchpriority=\"high\" decoding=\"async\" width=\"1024\" height=\"503\" src=\"https:\/\/elinformante.mx\/wp-content\/uploads\/2024\/06\/14NADAL-1024x503.jpg\" alt=\"\" class=\"wp-image-56858\" srcset=\"https:\/\/elinformante.mx\/wp-content\/uploads\/2024\/06\/14NADAL-1024x503.jpg 1024w, https:\/\/elinformante.mx\/wp-content\/uploads\/2024\/06\/14NADAL-300x147.jpg 300w, https:\/\/elinformante.mx\/wp-content\/uploads\/2024\/06\/14NADAL-768x377.jpg 768w, https:\/\/elinformante.mx\/wp-content\/uploads\/2024\/06\/14NADAL-580x285.jpg 580w, https:\/\/elinformante.mx\/wp-content\/uploads\/2024\/06\/14NADAL-860x422.jpg 860w, https:\/\/elinformante.mx\/wp-content\/uploads\/2024\/06\/14NADAL.jpg 1140w\" sizes=\"(max-width: 1024px) 100vw, 1024px\" \/><\/figure>\n\n\n\n<p>El mallorqu\u00edn jugar\u00e1 en Par\u00eds el torneo individual y la competici\u00f3n de dobles junto a Carlos Alcaraz. Nadal gan\u00f3 el oro ol\u00edmpico en individuales en Beijing 2008 y en dobles en R\u00edo 2016.<br><\/p>\n\n\n\n<p>Sin embargo, el tenista de 38 a\u00f1os se perder\u00e1 el torneo de Wimbledon, el Grand Slam sobre hierba que ha conquistado en dos ocasiones (2008 y 2010).<br><\/p>\n\n\n\n<p>Ser\u00e1 la cuarta ocasi\u00f3n que Rafa Nadal asista a los Juegos Ol\u00edmpicos y ser\u00e1n los \u00faltimos del mallorqu\u00edn. Cabe destacar que participar\u00e1 de manera individual y en dobles junto a Carlos Alcaraz.<br><\/p>\n\n\n\n<p>La primera vez que asisti\u00f3 a la justa veraniega fue en Atenas 2004 y despu\u00e9s repiti\u00f3 en Beijing 2008 y R\u00edo 2016.<br><\/p>\n\n\n\n<p>Aunque la intenci\u00f3n de Nadal es trabajar poco a poco y disfrutar su tenis, retirarse con una medalla ser\u00eda un gran cierre ol\u00edmpico para una brillante carrera.<\/p>\n","protected":false},"excerpt":{"rendered":"<p>El mallorqu\u00edn jugar\u00e1 en Par\u00eds el torneo individual y la competici\u00f3n de dobles junto a Carlos Alcaraz. El tenista Rafa Nadal confirm\u00f3 su presencia en los Juegos Ol\u00edmpicos de Par\u00eds 2024 y se descart\u00f3 para el pr\u00f3ximo torneo de Wimbledon. \u201cDurante la conferencia de prensa posterior al partido en Roland Garros, se me pregunt\u00f3 por [&hellip;]<\/p>\n","protected":false},"author":1,"featured_media":56857,"comment_status":"closed","ping_status":"closed","sticky":false,"template":"","format":"standard","meta":{"footnotes":""},"categories":[38],"tags":[],"class_list":["post-56856","post","type-post","status-publish","format-standard","has-post-thumbnail","hentry","category-deportes"],"_links":{"self":[{"href":"https:\/\/elinformante.mx\/index.php?rest_route=\/wp\/v2\/posts\/56856","targetHints":{"allow":["GET"]}}],"collection":[{"href":"https:\/\/elinformante.mx\/index.php?rest_route=\/wp\/v2\/posts"}],"about":[{"href":"https:\/\/elinformante.mx\/index.php?rest_route=\/wp\/v2\/types\/post"}],"author":[{"embeddable":true,"href":"https:\/\/elinformante.mx\/index.php?rest_route=\/wp\/v2\/users\/1"}],"replies":[{"embeddable":true,"href":"https:\/\/elinformante.mx\/index.php?rest_route=%2Fwp%2Fv2%2Fcomments&post=56856"}],"version-history":[{"count":0,"href":"https:\/\/elinformante.mx\/index.php?rest_route=\/wp\/v2\/posts\/56856\/revisions"}],"wp:featuredmedia":[{"embeddable":true,"href":"https:\/\/elinformante.mx\/index.php?rest_route=\/wp\/v2\/media\/56857"}],"wp:attachment":[{"href":"https:\/\/elinformante.mx\/index.php?rest_route=%2Fwp%2Fv2%2Fmedia&parent=56856"}],"wp:term":[{"taxonomy":"category","embeddable":true,"href":"https:\/\/elinformante.mx\/index.php?rest_route=%2Fwp%2Fv2%2Fcategories&post=56856"},{"taxonomy":"post_tag","embeddable":true,"href":"https:\/\/elinformante.mx\/index.php?rest_route=%2Fwp%2Fv2%2Ftags&post=56856"}],"curies":[{"name":"wp","href":"https:\/\/api.w.org\/{rel}","templated":true}]}}