{"id":56864,"date":"2024-06-14T05:42:31","date_gmt":"2024-06-14T11:42:31","guid":{"rendered":"https:\/\/elinformante.mx\/?p=56864"},"modified":"2024-06-14T05:42:32","modified_gmt":"2024-06-14T11:42:32","slug":"por-feminicidio-en-naucalpan-un-individuo-fue-condenado-a-pasar-55-anos-en-prision","status":"publish","type":"post","link":"https:\/\/elinformante.mx\/?p=56864","title":{"rendered":"Por feminicidio en Naucalpan, un individuo fue condenado a pasar 55 a\u00f1os en prisi\u00f3n"},"content":{"rendered":"\n<blockquote class=\"wp-block-quote is-layout-flow wp-block-quote-is-layout-flow\">\n<p>El 6 de mayo de 2019 este individuo caus\u00f3 la muerte a su pareja sentimental y abandon\u00f3 el cuerpo en una zona despoblada de dicho municipio.<\/p>\n<\/blockquote>\n\n\n\n<p>Juan Carlos Guti\u00e9rrez Garc\u00eda fue sentenciado a 55 a\u00f1os de prisi\u00f3n, luego de que la Fiscal\u00eda General de Justicia del Estado de M\u00e9xico (FGJEM) acredit\u00f3 su intervenci\u00f3n en el delito de feminicidio en agravio de una joven de 22 a\u00f1os, que era su pareja sentimental y a quien priv\u00f3 de la vida el a\u00f1o 2019 en este municipio.<br><\/p>\n\n\n\n<p>Luego de revisar las pruebas recabadas, aportadas y expuestas por el Ministerio P\u00fablico, la Autoridad Judicial dict\u00f3 esta sentencia de condena contra el acusado, adem\u00e1s le fij\u00f3 multa de 240 mil 786 pesos, la cantidad de 1 mill\u00f3n 267 mil 350 pesos como reparaci\u00f3n del da\u00f1o material, 1 mill\u00f3n 726 mil pesos como reparaci\u00f3n del da\u00f1o moral, as\u00ed como una cantidad en efectivo por concepto de gastos funerarios.<br><\/p>\n\n\n\n<p>De acuerdo con la investigaci\u00f3n de la Fiscal\u00eda mexiquense se determin\u00f3 que el 6 de mayo del a\u00f1o 2019, la v\u00edctima y el ahora sentenciado se encontraban en un inmueble de la colonia Nuevo Molinito, en el municipio de Naucalpan, donde en alg\u00fan momento iniciaron una discusi\u00f3n que se torn\u00f3 violenta.<br><\/p>\n\n\n\n<p>En la disputa, Juan Carlos Guti\u00e9rrez Garc\u00eda agredi\u00f3 f\u00edsicamente a la v\u00edctima, ocasion\u00e1ndole la muerte y luego abandon\u00f3 el cuerpo en una zona despoblada, en tanto que \u00e9l huy\u00f3.<br><\/p>\n\n\n\n<p>La Fiscal\u00eda mexiquense tras tomar conocimiento de los hechos inici\u00f3 una indagatoria por el delito de feminicidio y con el avance en la indagatoria fue identificado el responsable, por ello el Representante Social solicit\u00f3 a un Juez librar una orden de aprehensi\u00f3n en su contra.<br><\/p>\n\n\n\n<p>Tras ser aprehendido en el mes de marzo de 2022, este individuo fue ingresado al Centro Penitenciario y de Reinserci\u00f3n Social de Tlalnepantla y la Autoridad Judicial, tras proceso legal, le dict\u00f3 esta sentencia de condena.<\/p>\n","protected":false},"excerpt":{"rendered":"<p>El 6 de mayo de 2019 este individuo caus\u00f3 la muerte a su pareja sentimental y abandon\u00f3 el cuerpo en una zona despoblada de dicho municipio. Juan Carlos Guti\u00e9rrez Garc\u00eda fue sentenciado a 55 a\u00f1os de prisi\u00f3n, luego de que la Fiscal\u00eda General de Justicia del Estado de M\u00e9xico (FGJEM) acredit\u00f3 su intervenci\u00f3n en el [&hellip;]<\/p>\n","protected":false},"author":1,"featured_media":56865,"comment_status":"closed","ping_status":"closed","sticky":false,"template":"","format":"standard","meta":{"footnotes":""},"categories":[36,37],"tags":[],"class_list":["post-56864","post","type-post","status-publish","format-standard","has-post-thumbnail","hentry","category-edomex","category-justicia"],"_links":{"self":[{"href":"https:\/\/elinformante.mx\/index.php?rest_route=\/wp\/v2\/posts\/56864","targetHints":{"allow":["GET"]}}],"collection":[{"href":"https:\/\/elinformante.mx\/index.php?rest_route=\/wp\/v2\/posts"}],"about":[{"href":"https:\/\/elinformante.mx\/index.php?rest_route=\/wp\/v2\/types\/post"}],"author":[{"embeddable":true,"href":"https:\/\/elinformante.mx\/index.php?rest_route=\/wp\/v2\/users\/1"}],"replies":[{"embeddable":true,"href":"https:\/\/elinformante.mx\/index.php?rest_route=%2Fwp%2Fv2%2Fcomments&post=56864"}],"version-history":[{"count":0,"href":"https:\/\/elinformante.mx\/index.php?rest_route=\/wp\/v2\/posts\/56864\/revisions"}],"wp:featuredmedia":[{"embeddable":true,"href":"https:\/\/elinformante.mx\/index.php?rest_route=\/wp\/v2\/media\/56865"}],"wp:attachment":[{"href":"https:\/\/elinformante.mx\/index.php?rest_route=%2Fwp%2Fv2%2Fmedia&parent=56864"}],"wp:term":[{"taxonomy":"category","embeddable":true,"href":"https:\/\/elinformante.mx\/index.php?rest_route=%2Fwp%2Fv2%2Fcategories&post=56864"},{"taxonomy":"post_tag","embeddable":true,"href":"https:\/\/elinformante.mx\/index.php?rest_route=%2Fwp%2Fv2%2Ftags&post=56864"}],"curies":[{"name":"wp","href":"https:\/\/api.w.org\/{rel}","templated":true}]}}