{"id":56867,"date":"2024-06-14T05:44:43","date_gmt":"2024-06-14T11:44:43","guid":{"rendered":"https:\/\/elinformante.mx\/?p=56867"},"modified":"2024-06-14T05:44:44","modified_gmt":"2024-06-14T11:44:44","slug":"detienen-a-probable-implicado-en-secuestro-de-un-hombre-en-el-oriente-de-la-entidad","status":"publish","type":"post","link":"https:\/\/elinformante.mx\/?p=56867","title":{"rendered":"Detienen a probable implicado en secuestro de un hombre en el oriente de la entidad"},"content":{"rendered":"\n<blockquote class=\"wp-block-quote is-layout-flow wp-block-quote-is-layout-flow\">\n<p>El detenido en complicidad de otros individuos habr\u00eda privado de la libertad a la v\u00edctima el 21 de mayo de 2021.<\/p>\n<\/blockquote>\n\n\n\n<p>Agentes de la Fiscal\u00eda General de Justicia del Estado de M\u00e9xico (FGJEM) detuvieron en cumplimiento de orden de aprehensi\u00f3n a Rodrigo \u201cN\u201d, se\u00f1alado por su probable intervenci\u00f3n en el delito de secuestro en agravio de un masculino, il\u00edcito cometido en el municipio de Chicoloapan.<br><\/p>\n\n\n\n<p>Indagatorias llevadas a cabo por la Fiscal\u00eda mexiquense precisaron que el 21 de mayo de 2021, una persona con base en enga\u00f1os hizo que la v\u00edctima saliera de su negocio comercial ubicado en el municipio de Chicoloapan para trasladarse a otro punto de la zona, no obstante, en el trayecto habr\u00eda sido interceptado por cuatro individuos, entre ellos el ahora detenido, quienes viajaban a bordo de un veh\u00edculo.<br><\/p>\n\n\n\n<p>Los probables implicados presuntamente amagaron con armas de fuego a la v\u00edctima para secuestrarla, e incluso la habr\u00edan herido tras dispararle con un arma.<br><\/p>\n\n\n\n<p>Horas m\u00e1s tarde los involucrados habr\u00edan solicitado una cantidad en efectivo a familiares del hombre secuestrado a cambio de liberarlo. Posteriormente la v\u00edctima fue dejada en libertad en el municipio de Chalco.<br><\/p>\n\n\n\n<p>Estos hechos fueron denunciados ante el Agente del Ministerio P\u00fablico, quien inici\u00f3 la investigaci\u00f3n correspondiente por el hecho delictivo de secuestro y con el avance en la indagatoria fue posible identificar a este sujeto como posible implicado, por ello fue obtenida de la Autoridad Judicial orden de aprehensi\u00f3n en su contra.<br><\/p>\n\n\n\n<p>Polic\u00edas de Investigaci\u00f3n aprehendieron a este individuo en el municipio de Ixtapaluca y lo trasladaron e ingresaron al Centro Penitencia y de Reinserci\u00f3n Social de Texcoco, a disposici\u00f3n de un Juez, quien determinar\u00e1 su situaci\u00f3n legal, no obstante, debe ser considerado inocente hasta que sea dictada una sentencia condenatoria en su contra.<\/p>\n","protected":false},"excerpt":{"rendered":"<p>El detenido en complicidad de otros individuos habr\u00eda privado de la libertad a la v\u00edctima el 21 de mayo de 2021. Agentes de la Fiscal\u00eda General de Justicia del Estado de M\u00e9xico (FGJEM) detuvieron en cumplimiento de orden de aprehensi\u00f3n a Rodrigo \u201cN\u201d, se\u00f1alado por su probable intervenci\u00f3n en el delito de secuestro en agravio [&hellip;]<\/p>\n","protected":false},"author":1,"featured_media":56868,"comment_status":"closed","ping_status":"closed","sticky":false,"template":"","format":"standard","meta":{"footnotes":""},"categories":[36,37],"tags":[],"class_list":["post-56867","post","type-post","status-publish","format-standard","has-post-thumbnail","hentry","category-edomex","category-justicia"],"_links":{"self":[{"href":"https:\/\/elinformante.mx\/index.php?rest_route=\/wp\/v2\/posts\/56867","targetHints":{"allow":["GET"]}}],"collection":[{"href":"https:\/\/elinformante.mx\/index.php?rest_route=\/wp\/v2\/posts"}],"about":[{"href":"https:\/\/elinformante.mx\/index.php?rest_route=\/wp\/v2\/types\/post"}],"author":[{"embeddable":true,"href":"https:\/\/elinformante.mx\/index.php?rest_route=\/wp\/v2\/users\/1"}],"replies":[{"embeddable":true,"href":"https:\/\/elinformante.mx\/index.php?rest_route=%2Fwp%2Fv2%2Fcomments&post=56867"}],"version-history":[{"count":0,"href":"https:\/\/elinformante.mx\/index.php?rest_route=\/wp\/v2\/posts\/56867\/revisions"}],"wp:featuredmedia":[{"embeddable":true,"href":"https:\/\/elinformante.mx\/index.php?rest_route=\/wp\/v2\/media\/56868"}],"wp:attachment":[{"href":"https:\/\/elinformante.mx\/index.php?rest_route=%2Fwp%2Fv2%2Fmedia&parent=56867"}],"wp:term":[{"taxonomy":"category","embeddable":true,"href":"https:\/\/elinformante.mx\/index.php?rest_route=%2Fwp%2Fv2%2Fcategories&post=56867"},{"taxonomy":"post_tag","embeddable":true,"href":"https:\/\/elinformante.mx\/index.php?rest_route=%2Fwp%2Fv2%2Ftags&post=56867"}],"curies":[{"name":"wp","href":"https:\/\/api.w.org\/{rel}","templated":true}]}}