{"id":57079,"date":"2024-06-18T05:31:25","date_gmt":"2024-06-18T11:31:25","guid":{"rendered":"https:\/\/elinformante.mx\/?p=57079"},"modified":"2024-06-18T05:31:27","modified_gmt":"2024-06-18T11:31:27","slug":"estudiante-de-preparatoria-de-la-uaemex-representara-a-mexico-en-copa-internacional-sub-18-de-carrera-de-montana","status":"publish","type":"post","link":"https:\/\/elinformante.mx\/?p=57079","title":{"rendered":"Estudiante de Preparatoria de la UAEM\u00e9x representar\u00e1 a M\u00e9xico en Copa Internacional Sub-18 de Carrera de Monta\u00f1a"},"content":{"rendered":"\n<blockquote class=\"wp-block-quote is-layout-flow wp-block-quote-is-layout-flow\">\n<p>El estudiante del Plantel \u201cDr. Pablo Gonz\u00e1lez Casanova\u201d ser\u00e1 uno de los ocho mexicanos que participar\u00e1n en la justa internacional avalada por la Asociaci\u00f3n Mundial de Carrera de Monta\u00f1a.<\/p>\n<\/blockquote>\n\n\n\n<p>Roberto Naum Rosales Serrano, estudiante de segundo semestre del Plantel \u201cDr. Pablo Gonz\u00e1lez Casanova\u201d de la Escuela Preparatoria de la Universidad Aut\u00f3noma del Estado de M\u00e9xico (UAEM\u00e9x), representar\u00e1 a M\u00e9xico en la 17\u00aa Copa Internacional Sub 18 de Carrera de Monta\u00f1a, que se llevar\u00e1 a cabo los d\u00edas 21 y 22 de junio en Palencia, Espa\u00f1a.<br><\/p>\n\n\n\n<p>Con apenas 15 a\u00f1os de edad, Rosales Serrano ser\u00e1 uno de los ocho mexicanos \u2013cuatro hombres y cuatro mujeres- que participar\u00e1n en la justa internacional avalada por la Asociaci\u00f3n Mundial de Carrera de Monta\u00f1a (WMRA, por sus siglas en ingl\u00e9s).<br><\/p>\n\n\n\n<p>En la 17\u00aa Copa Internacional Sub 18 de Carrera de Monta\u00f1a competir\u00e1n por subir al podio 120 atletas de 14 a 18 a\u00f1os -61 hombres y 59 mujeres- de 17 pa\u00edses: Espa\u00f1a, M\u00e9xico, Francia, Suiza, Gales, Irlanda, Irlanda del Norte, Italia, Eslovenia, Cabo Verde, Hungr\u00eda, Estados Unidos, Bulgaria, Inglaterra, Escocia, Sierra Leona y Polonia.<br><\/p>\n\n\n\n<p>Cabe destacar que Roberto Naum Rosales Serrano consigui\u00f3 su calificaci\u00f3n a este certamen el pasado domingo 31 de marzo en el Trail Running Grand Prix Championships Organizado por la Asociaci\u00f3n Mexicana de Carreras de Trail, Monta\u00f1a y Ultra distancia (Amextud), en Bosques Esmeralda, Amecameca, Estado de M\u00e9xico, donde se realiz\u00f3 el Selectivo Varonil Juvenil U18 para la competencia internacional.<br><\/p>\n\n\n\n<figure class=\"wp-block-image size-large\"><img fetchpriority=\"high\" decoding=\"async\" width=\"1024\" height=\"503\" src=\"https:\/\/elinformante.mx\/wp-content\/uploads\/2024\/06\/14UAEMEX-1024x503.jpg\" alt=\"\" class=\"wp-image-57081\" srcset=\"https:\/\/elinformante.mx\/wp-content\/uploads\/2024\/06\/14UAEMEX-1024x503.jpg 1024w, https:\/\/elinformante.mx\/wp-content\/uploads\/2024\/06\/14UAEMEX-300x147.jpg 300w, https:\/\/elinformante.mx\/wp-content\/uploads\/2024\/06\/14UAEMEX-768x377.jpg 768w, https:\/\/elinformante.mx\/wp-content\/uploads\/2024\/06\/14UAEMEX-580x285.jpg 580w, https:\/\/elinformante.mx\/wp-content\/uploads\/2024\/06\/14UAEMEX-860x422.jpg 860w, https:\/\/elinformante.mx\/wp-content\/uploads\/2024\/06\/14UAEMEX.jpg 1140w\" sizes=\"(max-width: 1024px) 100vw, 1024px\" \/><\/figure>\n\n\n\n<p>La encargada del despacho de la direcci\u00f3n del Plantel \u201cDr. Pablo Gonz\u00e1lez Casanova\u201d de la Escuela Preparatoria de la UAEM\u00e9x, Janette Jaimes Garc\u00eda, manifest\u00f3 el apoyo total de la comunidad de este espacio acad\u00e9mico y de la propia UAEM\u00e9x al esfuerzo de Roberto Naum Rosales Serrano.<br><\/p>\n\n\n\n<p>La instituci\u00f3n, abund\u00f3, entreg\u00f3 a su familia una aportaci\u00f3n econ\u00f3mica y en el Platel apoyamos la realizaci\u00f3n de una carrera a beneficio del universitario, que se llev\u00f3 a cabo en el municipio de Tenancingo el pasado s\u00e1bado 8 de junio.<br><\/p>\n\n\n\n<p>Roberto Naum, originario de la localidad de San Juan Xochiaca, Tenancingo, relat\u00f3 que inici\u00f3 la pr\u00e1ctica del atletismo con las caminatas que desde hace a\u00f1os realiza con su abuelo y fue en 2020, durante el confinamiento por la pandemia y cuando ten\u00eda 11 a\u00f1os, que, con su padre, corredor amateur, lo practic\u00f3 de una manera m\u00e1s formal.<br><\/p>\n\n\n\n<p>Record\u00f3 que ese mismo 2020 dijo a su padre que quer\u00eda hacer a\u00fan m\u00e1s formal la pr\u00e1ctica del atletismo y fue entonces que \u00e9l lo llev\u00f3 a entrenar con Said D\u00edaz Cer\u00f3n, en el municipio de Ray\u00f3n.<\/p>\n","protected":false},"excerpt":{"rendered":"<p>El estudiante del Plantel \u201cDr. Pablo Gonz\u00e1lez Casanova\u201d ser\u00e1 uno de los ocho mexicanos que participar\u00e1n en la justa internacional avalada por la Asociaci\u00f3n Mundial de Carrera de Monta\u00f1a. Roberto Naum Rosales Serrano, estudiante de segundo semestre del Plantel \u201cDr. Pablo Gonz\u00e1lez Casanova\u201d de la Escuela Preparatoria de la Universidad Aut\u00f3noma del Estado de M\u00e9xico [&hellip;]<\/p>\n","protected":false},"author":1,"featured_media":57080,"comment_status":"closed","ping_status":"closed","sticky":false,"template":"","format":"standard","meta":{"footnotes":""},"categories":[38],"tags":[],"class_list":["post-57079","post","type-post","status-publish","format-standard","has-post-thumbnail","hentry","category-deportes"],"_links":{"self":[{"href":"https:\/\/elinformante.mx\/index.php?rest_route=\/wp\/v2\/posts\/57079","targetHints":{"allow":["GET"]}}],"collection":[{"href":"https:\/\/elinformante.mx\/index.php?rest_route=\/wp\/v2\/posts"}],"about":[{"href":"https:\/\/elinformante.mx\/index.php?rest_route=\/wp\/v2\/types\/post"}],"author":[{"embeddable":true,"href":"https:\/\/elinformante.mx\/index.php?rest_route=\/wp\/v2\/users\/1"}],"replies":[{"embeddable":true,"href":"https:\/\/elinformante.mx\/index.php?rest_route=%2Fwp%2Fv2%2Fcomments&post=57079"}],"version-history":[{"count":0,"href":"https:\/\/elinformante.mx\/index.php?rest_route=\/wp\/v2\/posts\/57079\/revisions"}],"wp:featuredmedia":[{"embeddable":true,"href":"https:\/\/elinformante.mx\/index.php?rest_route=\/wp\/v2\/media\/57080"}],"wp:attachment":[{"href":"https:\/\/elinformante.mx\/index.php?rest_route=%2Fwp%2Fv2%2Fmedia&parent=57079"}],"wp:term":[{"taxonomy":"category","embeddable":true,"href":"https:\/\/elinformante.mx\/index.php?rest_route=%2Fwp%2Fv2%2Fcategories&post=57079"},{"taxonomy":"post_tag","embeddable":true,"href":"https:\/\/elinformante.mx\/index.php?rest_route=%2Fwp%2Fv2%2Ftags&post=57079"}],"curies":[{"name":"wp","href":"https:\/\/api.w.org\/{rel}","templated":true}]}}