{"id":57090,"date":"2024-06-18T05:40:23","date_gmt":"2024-06-18T11:40:23","guid":{"rendered":"https:\/\/elinformante.mx\/?p=57090"},"modified":"2024-06-18T05:40:24","modified_gmt":"2024-06-18T11:40:24","slug":"patrulla-municipal-de-almoloya-de-juarez-interviene-en-carambola","status":"publish","type":"post","link":"https:\/\/elinformante.mx\/?p=57090","title":{"rendered":"Patrulla municipal de Almoloya de Ju\u00e1rez interviene en carambola"},"content":{"rendered":"\n<blockquote class=\"wp-block-quote is-layout-flow wp-block-quote-is-layout-flow\">\n<p>El accidente se registr\u00f3 en la v\u00eda Toluca-Zit\u00e1cuaro, a la altura de la caseta La Hortaliza.<\/p>\n<\/blockquote>\n\n\n\n<p>Fuerte accidente se registr\u00f3 en la carretera Toluca-Zit\u00e1cuaro, a la altura de la caseta La Hortaliza, en el cual estuvo involucrada una patrulla de seguridad p\u00fablica del municipio de Almoloya de Ju\u00e1rez, un taxi y un auto particular.<br><\/p>\n\n\n\n<p>A pesar de lo aparatoso del percance, no se registraron lesionados ni fallecidos.<br><\/p>\n\n\n\n<p>Al lugar se presentaron unidades de emergencia, pero todo qued\u00f3 en da\u00f1os materiales.<br><\/p>\n\n\n\n<p>Hasta el momento se desconocen las causas de este accidente; ser\u00e1n las autoridades correspondientes las que deslinden responsabilidades del hecho.<br><\/p>\n\n\n\n<p>Debido al percance, la circulaci\u00f3n vehicular se vio afectada y, por ende, fue necesaria la llegada de elementos policiacos para agilizar el tr\u00e1nsito de la zona.<br><\/p>\n\n\n\n<p>Por varios minutos las unidades involucradas quedaron en el lugar hasta que autoridades policiacas pidieron el apoyo del servicio de gr\u00faas.<\/p>\n","protected":false},"excerpt":{"rendered":"<p>El accidente se registr\u00f3 en la v\u00eda Toluca-Zit\u00e1cuaro, a la altura de la caseta La Hortaliza. Fuerte accidente se registr\u00f3 en la carretera Toluca-Zit\u00e1cuaro, a la altura de la caseta La Hortaliza, en el cual estuvo involucrada una patrulla de seguridad p\u00fablica del municipio de Almoloya de Ju\u00e1rez, un taxi y un auto particular. A [&hellip;]<\/p>\n","protected":false},"author":1,"featured_media":57091,"comment_status":"closed","ping_status":"closed","sticky":false,"template":"","format":"standard","meta":{"footnotes":""},"categories":[36,37],"tags":[],"class_list":["post-57090","post","type-post","status-publish","format-standard","has-post-thumbnail","hentry","category-edomex","category-justicia"],"_links":{"self":[{"href":"https:\/\/elinformante.mx\/index.php?rest_route=\/wp\/v2\/posts\/57090","targetHints":{"allow":["GET"]}}],"collection":[{"href":"https:\/\/elinformante.mx\/index.php?rest_route=\/wp\/v2\/posts"}],"about":[{"href":"https:\/\/elinformante.mx\/index.php?rest_route=\/wp\/v2\/types\/post"}],"author":[{"embeddable":true,"href":"https:\/\/elinformante.mx\/index.php?rest_route=\/wp\/v2\/users\/1"}],"replies":[{"embeddable":true,"href":"https:\/\/elinformante.mx\/index.php?rest_route=%2Fwp%2Fv2%2Fcomments&post=57090"}],"version-history":[{"count":0,"href":"https:\/\/elinformante.mx\/index.php?rest_route=\/wp\/v2\/posts\/57090\/revisions"}],"wp:featuredmedia":[{"embeddable":true,"href":"https:\/\/elinformante.mx\/index.php?rest_route=\/wp\/v2\/media\/57091"}],"wp:attachment":[{"href":"https:\/\/elinformante.mx\/index.php?rest_route=%2Fwp%2Fv2%2Fmedia&parent=57090"}],"wp:term":[{"taxonomy":"category","embeddable":true,"href":"https:\/\/elinformante.mx\/index.php?rest_route=%2Fwp%2Fv2%2Fcategories&post=57090"},{"taxonomy":"post_tag","embeddable":true,"href":"https:\/\/elinformante.mx\/index.php?rest_route=%2Fwp%2Fv2%2Ftags&post=57090"}],"curies":[{"name":"wp","href":"https:\/\/api.w.org\/{rel}","templated":true}]}}