{"id":57093,"date":"2024-06-18T05:41:34","date_gmt":"2024-06-18T11:41:34","guid":{"rendered":"https:\/\/elinformante.mx\/?p=57093"},"modified":"2024-06-18T05:41:35","modified_gmt":"2024-06-18T11:41:35","slug":"detuvieron-a-elemento-de-la-policia-municipal-de-metepec","status":"publish","type":"post","link":"https:\/\/elinformante.mx\/?p=57093","title":{"rendered":"Detuvieron a elemento de la Polic\u00eda Municipal de Metepec"},"content":{"rendered":"\n<blockquote class=\"wp-block-quote is-layout-flow wp-block-quote-is-layout-flow\">\n<p>Habr\u00eda realizado detonaciones de arma de fuego contra una v\u00edctima de iniciales A.R.H, hijo de un ex candidato a Presidente Municipal de Metepec.<\/p>\n<\/blockquote>\n\n\n\n<p>Agentes de la Fiscal\u00eda General de Justicia del Estado de M\u00e9xico (FGJEM) detuvieron en cumplimiento de orden de aprehensi\u00f3n a Rigoberto \u201cN\u201d, elemento de la Polic\u00eda Municipal de Metepec quien es investigado por su probable intervenci\u00f3n en el delito de lesiones producidas con arma de fuego, en agravio de una v\u00edctima de iniciales A.R.H, hijo de un ex candidato a presidente municipal de esa demarcaci\u00f3n.<br><\/p>\n\n\n\n<p>El 11 de mayo pasado, en la localidad San Lorenzo Coacalco, en el municipio de Metepec, el ahora detenido junto con otro elemento de esa misma corporaci\u00f3n policiaca, presumiblemente habr\u00edan realizado detonaciones con arma de fuego en contra de un masculino que result\u00f3 lesionado de esa acci\u00f3n.<br><\/p>\n\n\n\n<p>Familiares de la v\u00edctima lo trasladaron a un hospital de la zona donde recibi\u00f3 atenci\u00f3n m\u00e9dica. Estos hechos fueron denunciados ante el Agente del Ministerio P\u00fablico, quien inici\u00f3 una investigaci\u00f3n y fueron recabados datos de prueba con los cuales fue solicitada a la Autoridad Judicial librar orden de aprehensi\u00f3n en contra de los probables implicados.<br><\/p>\n\n\n\n<p>Rigoberto \u201cN\u201d fue detenido en el municipio de San Antonio La Isla e ingresado al Centro Penitenciario y de Reinserci\u00f3n Social de Santiaguito en Almoloya de Ju\u00e1rez, a disposici\u00f3n de la Autoridad Judicial, quien determinar\u00e1 su situaci\u00f3n legal. Al detenido se le debe considerar inocente hasta que sea dictada una sentencia condenatoria en su contra.<\/p>\n","protected":false},"excerpt":{"rendered":"<p>Habr\u00eda realizado detonaciones de arma de fuego contra una v\u00edctima de iniciales A.R.H, hijo de un ex candidato a Presidente Municipal de Metepec. Agentes de la Fiscal\u00eda General de Justicia del Estado de M\u00e9xico (FGJEM) detuvieron en cumplimiento de orden de aprehensi\u00f3n a Rigoberto \u201cN\u201d, elemento de la Polic\u00eda Municipal de Metepec quien es investigado [&hellip;]<\/p>\n","protected":false},"author":1,"featured_media":57094,"comment_status":"closed","ping_status":"closed","sticky":false,"template":"","format":"standard","meta":{"footnotes":""},"categories":[30,36,37],"tags":[],"class_list":["post-57093","post","type-post","status-publish","format-standard","has-post-thumbnail","hentry","category-destacado","category-edomex","category-justicia"],"_links":{"self":[{"href":"https:\/\/elinformante.mx\/index.php?rest_route=\/wp\/v2\/posts\/57093","targetHints":{"allow":["GET"]}}],"collection":[{"href":"https:\/\/elinformante.mx\/index.php?rest_route=\/wp\/v2\/posts"}],"about":[{"href":"https:\/\/elinformante.mx\/index.php?rest_route=\/wp\/v2\/types\/post"}],"author":[{"embeddable":true,"href":"https:\/\/elinformante.mx\/index.php?rest_route=\/wp\/v2\/users\/1"}],"replies":[{"embeddable":true,"href":"https:\/\/elinformante.mx\/index.php?rest_route=%2Fwp%2Fv2%2Fcomments&post=57093"}],"version-history":[{"count":0,"href":"https:\/\/elinformante.mx\/index.php?rest_route=\/wp\/v2\/posts\/57093\/revisions"}],"wp:featuredmedia":[{"embeddable":true,"href":"https:\/\/elinformante.mx\/index.php?rest_route=\/wp\/v2\/media\/57094"}],"wp:attachment":[{"href":"https:\/\/elinformante.mx\/index.php?rest_route=%2Fwp%2Fv2%2Fmedia&parent=57093"}],"wp:term":[{"taxonomy":"category","embeddable":true,"href":"https:\/\/elinformante.mx\/index.php?rest_route=%2Fwp%2Fv2%2Fcategories&post=57093"},{"taxonomy":"post_tag","embeddable":true,"href":"https:\/\/elinformante.mx\/index.php?rest_route=%2Fwp%2Fv2%2Ftags&post=57093"}],"curies":[{"name":"wp","href":"https:\/\/api.w.org\/{rel}","templated":true}]}}