{"id":57103,"date":"2024-06-18T05:51:00","date_gmt":"2024-06-18T11:51:00","guid":{"rendered":"https:\/\/elinformante.mx\/?p=57103"},"modified":"2024-06-18T05:51:02","modified_gmt":"2024-06-18T11:51:02","slug":"ana-muniz-neyra-celebro-el-dia-del-padre-con-las-personas-adultas-mayores","status":"publish","type":"post","link":"https:\/\/elinformante.mx\/?p=57103","title":{"rendered":"Ana Mu\u00f1iz Neyra celebr\u00f3 el D\u00eda del Padre con las personas adultas mayores"},"content":{"rendered":"\n<blockquote class=\"wp-block-quote is-layout-flow wp-block-quote-is-layout-flow\">\n<p>En gira de trabajo celebr\u00f3 el D\u00eda del Padre con las personas adultas mayores.<\/p>\n<\/blockquote>\n\n\n\n<p>La presidenta municipal de San Mateo Atenco, Ana Mu\u00f1iz Neyra, realiz\u00f3 una intensa gira este lunes 17 de junio, en la cual visit\u00f3 los centros de salud que el gobierno estatal opera en el municipio y celebr\u00f3 el D\u00eda del Padre con las personas adultas mayores atendidas por el Sistema Municipal DIF en sus casas de d\u00eda.<br><\/p>\n\n\n\n<p>La presidenta municipal entreg\u00f3 en cada centro paquetes de medicamentos y Vitamina C para apoyar la atenci\u00f3n primaria y prevenir padecimientos respiratorios.<br><\/p>\n\n\n\n<figure class=\"wp-block-image size-large\"><img fetchpriority=\"high\" decoding=\"async\" width=\"1024\" height=\"503\" src=\"https:\/\/elinformante.mx\/wp-content\/uploads\/2024\/06\/10SANMATEO-2-1024x503.jpg\" alt=\"\" class=\"wp-image-57105\" srcset=\"https:\/\/elinformante.mx\/wp-content\/uploads\/2024\/06\/10SANMATEO-2-1024x503.jpg 1024w, https:\/\/elinformante.mx\/wp-content\/uploads\/2024\/06\/10SANMATEO-2-300x147.jpg 300w, https:\/\/elinformante.mx\/wp-content\/uploads\/2024\/06\/10SANMATEO-2-768x377.jpg 768w, https:\/\/elinformante.mx\/wp-content\/uploads\/2024\/06\/10SANMATEO-2-580x285.jpg 580w, https:\/\/elinformante.mx\/wp-content\/uploads\/2024\/06\/10SANMATEO-2-860x422.jpg 860w, https:\/\/elinformante.mx\/wp-content\/uploads\/2024\/06\/10SANMATEO-2.jpg 1140w\" sizes=\"(max-width: 1024px) 100vw, 1024px\" \/><\/figure>\n\n\n\n<p>Mu\u00f1iz Neyra coment\u00f3 que, luego de haber remodelado los centros de salud, el Gobierno Municipal sostendr\u00e1 el servicio de mantenimiento exterior a dichas instalaciones sanitarias, las cuales estar\u00e1n conectadas pr\u00f3ximamente al Centro Municipal de Mando C4, mediante un bot\u00f3n de enlace que asegurar\u00e1 la atenci\u00f3n inmediata a cualquier emergencia.<br><\/p>\n\n\n\n<p>Asimismo, dijo que con estas acciones el Ayuntamiento se sigue sumando al trabajo coordinado con la Secretar\u00eda de Salud del Estado de M\u00e9xico para tener espacios dignos para las y los atenquenses.<br><\/p>\n\n\n\n<p>En la casa de d\u00eda del barrio La Concepci\u00f3n, celebr\u00f3 a los pap\u00e1s adultos mayores reconoci\u00e9ndoles el extraordinario papel que juegan en la familia y en sus comunidades, como preservadores de valores y de la identidad municipal.<\/p>\n","protected":false},"excerpt":{"rendered":"<p>En gira de trabajo celebr\u00f3 el D\u00eda del Padre con las personas adultas mayores. La presidenta municipal de San Mateo Atenco, Ana Mu\u00f1iz Neyra, realiz\u00f3 una intensa gira este lunes 17 de junio, en la cual visit\u00f3 los centros de salud que el gobierno estatal opera en el municipio y celebr\u00f3 el D\u00eda del Padre [&hellip;]<\/p>\n","protected":false},"author":1,"featured_media":57104,"comment_status":"closed","ping_status":"closed","sticky":false,"template":"","format":"standard","meta":{"footnotes":""},"categories":[36],"tags":[],"class_list":["post-57103","post","type-post","status-publish","format-standard","has-post-thumbnail","hentry","category-edomex"],"_links":{"self":[{"href":"https:\/\/elinformante.mx\/index.php?rest_route=\/wp\/v2\/posts\/57103","targetHints":{"allow":["GET"]}}],"collection":[{"href":"https:\/\/elinformante.mx\/index.php?rest_route=\/wp\/v2\/posts"}],"about":[{"href":"https:\/\/elinformante.mx\/index.php?rest_route=\/wp\/v2\/types\/post"}],"author":[{"embeddable":true,"href":"https:\/\/elinformante.mx\/index.php?rest_route=\/wp\/v2\/users\/1"}],"replies":[{"embeddable":true,"href":"https:\/\/elinformante.mx\/index.php?rest_route=%2Fwp%2Fv2%2Fcomments&post=57103"}],"version-history":[{"count":0,"href":"https:\/\/elinformante.mx\/index.php?rest_route=\/wp\/v2\/posts\/57103\/revisions"}],"wp:featuredmedia":[{"embeddable":true,"href":"https:\/\/elinformante.mx\/index.php?rest_route=\/wp\/v2\/media\/57104"}],"wp:attachment":[{"href":"https:\/\/elinformante.mx\/index.php?rest_route=%2Fwp%2Fv2%2Fmedia&parent=57103"}],"wp:term":[{"taxonomy":"category","embeddable":true,"href":"https:\/\/elinformante.mx\/index.php?rest_route=%2Fwp%2Fv2%2Fcategories&post=57103"},{"taxonomy":"post_tag","embeddable":true,"href":"https:\/\/elinformante.mx\/index.php?rest_route=%2Fwp%2Fv2%2Ftags&post=57103"}],"curies":[{"name":"wp","href":"https:\/\/api.w.org\/{rel}","templated":true}]}}