{"id":57119,"date":"2024-06-18T06:19:25","date_gmt":"2024-06-18T12:19:25","guid":{"rendered":"https:\/\/elinformante.mx\/?p=57119"},"modified":"2024-06-18T06:19:26","modified_gmt":"2024-06-18T12:19:26","slug":"cambiaran-red-hidraulica-de-agua-potable-en-la-jardin-balbuena","status":"publish","type":"post","link":"https:\/\/elinformante.mx\/?p=57119","title":{"rendered":"Cambiar\u00e1n red hidr\u00e1ulica de agua potable en la Jard\u00edn Balbuena"},"content":{"rendered":"\n<blockquote class=\"wp-block-quote is-layout-flow wp-block-quote-is-layout-flow\">\n<p>El Alcalde de Venustiano Carranza, Adolfo Hern\u00e1ndez Garc\u00eda, iniciar\u00e1n los trabajos para cambiar la tuber\u00eda de agua potable.<\/p>\n<\/blockquote>\n\n\n\n<p>Con una inversi\u00f3n de m\u00e1s de 25 millones de pesos, el alcalde de Venustiano Carranza, Adolfo Hern\u00e1ndez Garc\u00eda, anunci\u00f3 que iniciar\u00e1n los trabajos para cambiar la tuber\u00eda de agua potable de la colonia Jard\u00edn Balbuena, con lo que se beneficiar\u00e1 a una poblaci\u00f3n de m\u00e1s de 50 mil vecinos.<br><\/p>\n\n\n\n<p>Detall\u00f3 que estos trabajos se realizar\u00e1n en diversas calles como Genaro Garc\u00eda, Fray Servando Teresa de Mier, Avenida del Taller, Fernando Iglesias Calder\u00f3n, Francisco del Paso y Troncoso, entre otras, donde ya desde hace mucho tiempo se han registrado diversas fugas de agua potable, por lo que con esta acci\u00f3n, los vecinos recibir\u00e1n una mejor calidad de agua en sus hogares.<br><\/p>\n\n\n\n<figure class=\"wp-block-image size-large\"><img fetchpriority=\"high\" decoding=\"async\" width=\"1024\" height=\"503\" src=\"https:\/\/elinformante.mx\/wp-content\/uploads\/2024\/06\/6TUBERIA-1024x503.jpg\" alt=\"\" class=\"wp-image-57121\" srcset=\"https:\/\/elinformante.mx\/wp-content\/uploads\/2024\/06\/6TUBERIA-1024x503.jpg 1024w, https:\/\/elinformante.mx\/wp-content\/uploads\/2024\/06\/6TUBERIA-300x147.jpg 300w, https:\/\/elinformante.mx\/wp-content\/uploads\/2024\/06\/6TUBERIA-768x377.jpg 768w, https:\/\/elinformante.mx\/wp-content\/uploads\/2024\/06\/6TUBERIA-580x285.jpg 580w, https:\/\/elinformante.mx\/wp-content\/uploads\/2024\/06\/6TUBERIA-860x422.jpg 860w, https:\/\/elinformante.mx\/wp-content\/uploads\/2024\/06\/6TUBERIA.jpg 1140w\" sizes=\"(max-width: 1024px) 100vw, 1024px\" \/><\/figure>\n\n\n\n<p>Al hacer un recorrido de supervisi\u00f3n por la colonia Jard\u00edn Balbuena, se\u00f1al\u00f3 que para llevar a cabo esta acci\u00f3n de obra p\u00fablica se utilizar\u00e1 maquinar\u00eda y personal especializado como retroexcavadora, camiones de volteo para retirar la tierra de las zanjas que vayamos abriendo y tuber\u00eda de polietileno de 12 pulgadas.<br><\/p>\n\n\n\n<p>\u201cPara ocasionar las menos molestias y que sigan teniendo el servicio de agua potable, vamos ir avanzando paulatinamente e implementaremos una estrategia con pipas o colocaremos, de manera temporal, tinacos cerca de la zona de obras para que el servicio del vital l\u00edquido siga en los hogares de esta colonia\u201d.<br><\/p>\n\n\n\n<p>Por eso les pedimos a los vecinos de las calles donde realizaremos esta obra que ser\u00e1 para beneficiarlos con una mejor calidad de agua potable y que ya no tengan fugas, su cooperaci\u00f3n y comprensi\u00f3n, apunt\u00f3 Hern\u00e1ndez Garc\u00eda.<\/p>\n","protected":false},"excerpt":{"rendered":"<p>El Alcalde de Venustiano Carranza, Adolfo Hern\u00e1ndez Garc\u00eda, iniciar\u00e1n los trabajos para cambiar la tuber\u00eda de agua potable. Con una inversi\u00f3n de m\u00e1s de 25 millones de pesos, el alcalde de Venustiano Carranza, Adolfo Hern\u00e1ndez Garc\u00eda, anunci\u00f3 que iniciar\u00e1n los trabajos para cambiar la tuber\u00eda de agua potable de la colonia Jard\u00edn Balbuena, con lo [&hellip;]<\/p>\n","protected":false},"author":1,"featured_media":57120,"comment_status":"closed","ping_status":"closed","sticky":false,"template":"","format":"standard","meta":{"footnotes":""},"categories":[35],"tags":[],"class_list":["post-57119","post","type-post","status-publish","format-standard","has-post-thumbnail","hentry","category-cdmx"],"_links":{"self":[{"href":"https:\/\/elinformante.mx\/index.php?rest_route=\/wp\/v2\/posts\/57119","targetHints":{"allow":["GET"]}}],"collection":[{"href":"https:\/\/elinformante.mx\/index.php?rest_route=\/wp\/v2\/posts"}],"about":[{"href":"https:\/\/elinformante.mx\/index.php?rest_route=\/wp\/v2\/types\/post"}],"author":[{"embeddable":true,"href":"https:\/\/elinformante.mx\/index.php?rest_route=\/wp\/v2\/users\/1"}],"replies":[{"embeddable":true,"href":"https:\/\/elinformante.mx\/index.php?rest_route=%2Fwp%2Fv2%2Fcomments&post=57119"}],"version-history":[{"count":0,"href":"https:\/\/elinformante.mx\/index.php?rest_route=\/wp\/v2\/posts\/57119\/revisions"}],"wp:featuredmedia":[{"embeddable":true,"href":"https:\/\/elinformante.mx\/index.php?rest_route=\/wp\/v2\/media\/57120"}],"wp:attachment":[{"href":"https:\/\/elinformante.mx\/index.php?rest_route=%2Fwp%2Fv2%2Fmedia&parent=57119"}],"wp:term":[{"taxonomy":"category","embeddable":true,"href":"https:\/\/elinformante.mx\/index.php?rest_route=%2Fwp%2Fv2%2Fcategories&post=57119"},{"taxonomy":"post_tag","embeddable":true,"href":"https:\/\/elinformante.mx\/index.php?rest_route=%2Fwp%2Fv2%2Ftags&post=57119"}],"curies":[{"name":"wp","href":"https:\/\/api.w.org\/{rel}","templated":true}]}}