{"id":57135,"date":"2024-06-18T06:36:12","date_gmt":"2024-06-18T12:36:12","guid":{"rendered":"https:\/\/elinformante.mx\/?p=57135"},"modified":"2024-06-18T06:36:13","modified_gmt":"2024-06-18T12:36:13","slug":"amlo-cuestiona-que-expertos-de-la-unam-analicen-paquete-de-reformas","status":"publish","type":"post","link":"https:\/\/elinformante.mx\/?p=57135","title":{"rendered":"AMLO cuestiona que expertos de la UNAM analicen paquete de reformas"},"content":{"rendered":"\n<blockquote class=\"wp-block-quote is-layout-flow wp-block-quote-is-layout-flow\">\n<p>Asegura que \u201cson predecibles, pero les dir\u00eda: \u00bfqu\u00e9 se tienen que meter?\u201d, expres\u00f3 L\u00f3pez Obrador tras la publicaci\u00f3n de un an\u00e1lisis t\u00e9cnico de las 20 reformas del titular del Ejecutivo.<\/p>\n<\/blockquote>\n\n\n\n<p>El presidente Andr\u00e9s Manuel L\u00f3pez Obrador no se anduvo por las ramas y en forma directa lanz\u00f3 un reclamo a los expertos del Instituto de Investigaciones Jur\u00eddicas de la Universidad Nacional Aut\u00f3noma de M\u00e9xico (UNAM) por \u201cmeterse\u201d casi, casi, en lo que no les importa.<br><\/p>\n\n\n\n<p>Para L\u00f3pez Obrador, el que especialistas de alto nivel osaran publicar un an\u00e1lisis t\u00e9cnico de las 20 reformas del titular del Ejecutivo, es una afrenta y volvi\u00f3 a criticar el modelo del Instituto Tecnol\u00f3gico Aut\u00f3nomo de M\u00e9xico (ITAM) porque, dijo, \u201ces una educaci\u00f3n para la defensa, fundamentalmente, de intereses personales y empresariales\u201d.<br><\/p>\n\n\n\n<p>Mencion\u00f3 no tener nada en contra del ITAM, pero s\u00ed expuso que es una educaci\u00f3n para la defensa, fundamentalmente, de intereses personales y empresariales, por leg\u00edtimos que sean.<br><\/p>\n\n\n\n<figure class=\"wp-block-image size-large\"><img fetchpriority=\"high\" decoding=\"async\" width=\"1024\" height=\"503\" src=\"https:\/\/elinformante.mx\/wp-content\/uploads\/2024\/06\/3.2AMLO-3-1024x503.jpg\" alt=\"\" class=\"wp-image-57137\" srcset=\"https:\/\/elinformante.mx\/wp-content\/uploads\/2024\/06\/3.2AMLO-3-1024x503.jpg 1024w, https:\/\/elinformante.mx\/wp-content\/uploads\/2024\/06\/3.2AMLO-3-300x147.jpg 300w, https:\/\/elinformante.mx\/wp-content\/uploads\/2024\/06\/3.2AMLO-3-768x377.jpg 768w, https:\/\/elinformante.mx\/wp-content\/uploads\/2024\/06\/3.2AMLO-3-580x285.jpg 580w, https:\/\/elinformante.mx\/wp-content\/uploads\/2024\/06\/3.2AMLO-3-860x422.jpg 860w, https:\/\/elinformante.mx\/wp-content\/uploads\/2024\/06\/3.2AMLO-3.jpg 1140w\" sizes=\"(max-width: 1024px) 100vw, 1024px\" \/><\/figure>\n\n\n\n<p>En este sentido pregunt\u00f3: \u201c\u00bfY d\u00f3nde est\u00e1 el inter\u00e9s p\u00fablico? \u00bfY d\u00f3nde est\u00e1 el inter\u00e9s p\u00fablico, qui\u00e9n defiende el inter\u00e9s p\u00fablico? \u00bfD\u00f3nde est\u00e1 el derecho constitucional? \u00bfD\u00f3nde est\u00e1 el Derecho Agrario? \u00bfD\u00f3nde est\u00e1 el derecho laboral? No existe, lo acabaron; y en el Instituto de Estudios de Investigaciones Jur\u00eddicas llegaron a ser directores maestros del ITAM, cuando era una gran escuela de Derecho\u201d.<br><\/p>\n\n\n\n<p>\u201cPero as\u00ed est\u00e1 Econom\u00eda tambi\u00e9n, se apag\u00f3 Econom\u00eda. Los directivos en la UNAM, todos muy conservadores, se derechiz\u00f3 la UNAM, todo esto lo puedo decir porque como ya me quedan 100 d\u00edas\u201d, agreg\u00f3 entre risas.<br><\/p>\n\n\n\n<p>En tan sentido, L\u00f3pez Obrador acus\u00f3 que expertos de la UNAM salieron, \u201ccon l\u00ednea\u201d, a dar su opini\u00f3n sobre el paquete de reformas que envi\u00f3 al Congreso, incluida la del Poder Judicial.<br><\/p>\n\n\n\n<p>\u201cSon predecibles, pero les dir\u00eda: \u00bfQu\u00e9 se tienen que meter? S\u00ed, claro, ah\u00ed es donde debe darse el debate, el an\u00e1lisis sobre la realidad para transformarla, todas las universidades tienen que meterse, pero inviten, escuchen a todos, no nada m\u00e1s los expertos, ya lo sabemos c\u00f3mo opinan; es muy importante lo de la reforma, y va a ayudar mucho, ayuda a todos los mexicanos porque vamos a ir limpiando, se va a seguir limpiando todo lo relacionado con los poderes p\u00fablicos, se va a seguir avanzando en el combate a la corrupci\u00f3n, son reformas de Estado, se va a ir purificando la vida p\u00fablica y esto es important\u00edsimo porque a todo mundo nos interesa que haya un aut\u00e9ntico Estado de Derecho, a todos, no un aut\u00e9ntico estado de chueco\u201d, a\u00f1adi\u00f3 al acusar injerencia de \u201cmagnates\u201d y que los organismos aut\u00f3nomos est\u00e1n tomados.<\/p>\n","protected":false},"excerpt":{"rendered":"<p>Asegura que \u201cson predecibles, pero les dir\u00eda: \u00bfqu\u00e9 se tienen que meter?\u201d, expres\u00f3 L\u00f3pez Obrador tras la publicaci\u00f3n de un an\u00e1lisis t\u00e9cnico de las 20 reformas del titular del Ejecutivo. El presidente Andr\u00e9s Manuel L\u00f3pez Obrador no se anduvo por las ramas y en forma directa lanz\u00f3 un reclamo a los expertos del Instituto de [&hellip;]<\/p>\n","protected":false},"author":1,"featured_media":57136,"comment_status":"closed","ping_status":"closed","sticky":false,"template":"","format":"standard","meta":{"footnotes":""},"categories":[34],"tags":[],"class_list":["post-57135","post","type-post","status-publish","format-standard","has-post-thumbnail","hentry","category-nacional"],"_links":{"self":[{"href":"https:\/\/elinformante.mx\/index.php?rest_route=\/wp\/v2\/posts\/57135","targetHints":{"allow":["GET"]}}],"collection":[{"href":"https:\/\/elinformante.mx\/index.php?rest_route=\/wp\/v2\/posts"}],"about":[{"href":"https:\/\/elinformante.mx\/index.php?rest_route=\/wp\/v2\/types\/post"}],"author":[{"embeddable":true,"href":"https:\/\/elinformante.mx\/index.php?rest_route=\/wp\/v2\/users\/1"}],"replies":[{"embeddable":true,"href":"https:\/\/elinformante.mx\/index.php?rest_route=%2Fwp%2Fv2%2Fcomments&post=57135"}],"version-history":[{"count":0,"href":"https:\/\/elinformante.mx\/index.php?rest_route=\/wp\/v2\/posts\/57135\/revisions"}],"wp:featuredmedia":[{"embeddable":true,"href":"https:\/\/elinformante.mx\/index.php?rest_route=\/wp\/v2\/media\/57136"}],"wp:attachment":[{"href":"https:\/\/elinformante.mx\/index.php?rest_route=%2Fwp%2Fv2%2Fmedia&parent=57135"}],"wp:term":[{"taxonomy":"category","embeddable":true,"href":"https:\/\/elinformante.mx\/index.php?rest_route=%2Fwp%2Fv2%2Fcategories&post=57135"},{"taxonomy":"post_tag","embeddable":true,"href":"https:\/\/elinformante.mx\/index.php?rest_route=%2Fwp%2Fv2%2Ftags&post=57135"}],"curies":[{"name":"wp","href":"https:\/\/api.w.org\/{rel}","templated":true}]}}