{"id":57155,"date":"2024-06-18T06:50:29","date_gmt":"2024-06-18T12:50:29","guid":{"rendered":"https:\/\/elinformante.mx\/?p=57155"},"modified":"2024-06-18T06:50:30","modified_gmt":"2024-06-18T12:50:30","slug":"instalan-comite-operativo-especializado-en-tulum-ante-la-temporada-de-huracanes","status":"publish","type":"post","link":"https:\/\/elinformante.mx\/?p=57155","title":{"rendered":"Instalan Comit\u00e9 Operativo Especializado en Tulum ante la temporada de huracanes"},"content":{"rendered":"\n<blockquote class=\"wp-block-quote is-layout-flow wp-block-quote-is-layout-flow\">\n<p>Las autoridades informaron que se espera una temporada de lluvias y ciclones que no genere afectaciones importantes para Tulum.<\/p>\n<\/blockquote>\n\n\n\n<p>El Ayuntamiento de Tulum instal\u00f3 este lunes el Comit\u00e9 Operativo Especializado en Fen\u00f3menos Hidrometeorol\u00f3gicos Temporada 2024, que es un elemento crucial para garantizar la seguridad de los ciudadanos ante cualquier fen\u00f3meno natural.<br><\/p>\n\n\n\n<p>El Comit\u00e9 Operativo Especializado en Tulum cuenta con la colaboraci\u00f3n de los tres \u00f3rdenes de gobierno, y buscan realizar un monitoreo constante y dar respuesta inmediata a cualquier eventualidad que represente un riesgo para el municipio.<br><\/p>\n\n\n\n<p>La instalaci\u00f3n fue presidida por el presidente municipal, Diego Casta\u00f1\u00f3n Trejo y representantes de los tres \u00f3rdenes de Gobierno, as\u00ed como de la Iniciativa Privada.<br><\/p>\n\n\n\n<p>Casta\u00f1\u00f3n Trejo, destac\u00f3 que se espera una temporada de lluvias y ciclones que no genere afectaciones importantes para Tulum, no obstante, ante cualquier presencia de fen\u00f3meno natural, estar preparados coordinadamente para salvaguardar a las y los tulumnenses y desde luego a los turistas que visitan el municipio.<br><\/p>\n\n\n\n<figure class=\"wp-block-image size-large\"><img fetchpriority=\"high\" decoding=\"async\" width=\"1024\" height=\"503\" src=\"https:\/\/elinformante.mx\/wp-content\/uploads\/2024\/06\/4QUINTANAROO-2-4-1024x503.jpg\" alt=\"\" class=\"wp-image-57157\" srcset=\"https:\/\/elinformante.mx\/wp-content\/uploads\/2024\/06\/4QUINTANAROO-2-4-1024x503.jpg 1024w, https:\/\/elinformante.mx\/wp-content\/uploads\/2024\/06\/4QUINTANAROO-2-4-300x147.jpg 300w, https:\/\/elinformante.mx\/wp-content\/uploads\/2024\/06\/4QUINTANAROO-2-4-768x377.jpg 768w, https:\/\/elinformante.mx\/wp-content\/uploads\/2024\/06\/4QUINTANAROO-2-4-580x285.jpg 580w, https:\/\/elinformante.mx\/wp-content\/uploads\/2024\/06\/4QUINTANAROO-2-4-860x422.jpg 860w, https:\/\/elinformante.mx\/wp-content\/uploads\/2024\/06\/4QUINTANAROO-2-4.jpg 1140w\" sizes=\"(max-width: 1024px) 100vw, 1024px\" \/><\/figure>\n\n\n\n<p>Durante la Sesi\u00f3n, se inform\u00f3 que las predicciones por la presencia de fen\u00f3menos hidrometeorol\u00f3gicos es alto, por ello, la estrategia de afianzar los trabajos preventivos y coordinados para disponer de cualquier atenci\u00f3n ciudadana durante la temporada de huracanes.<br><\/p>\n\n\n\n<p>Por lo anterior, se detall\u00f3 que las acciones preventivas son la poda de \u00e1rboles, desazolves, identificaci\u00f3n de refugios anticicl\u00f3nicos y el llamado operativo tormenta.<br><\/p>\n\n\n\n<p>El presidente municipal sostuvo que su administraci\u00f3n trabajar\u00e1 con el Gobierno del Estado y la Federaci\u00f3n en el marco de este Comit\u00e9 Operativo.<br><\/p>\n\n\n\n<p>En esta evento se tom\u00f3 propuesta a los miembros del Consejo Municipal y Comit\u00e9 Operativo Especializado integrado por funcionarios del Ayuntamiento y representantes de otras dependencias.<\/p>\n","protected":false},"excerpt":{"rendered":"<p>Las autoridades informaron que se espera una temporada de lluvias y ciclones que no genere afectaciones importantes para Tulum. El Ayuntamiento de Tulum instal\u00f3 este lunes el Comit\u00e9 Operativo Especializado en Fen\u00f3menos Hidrometeorol\u00f3gicos Temporada 2024, que es un elemento crucial para garantizar la seguridad de los ciudadanos ante cualquier fen\u00f3meno natural. El Comit\u00e9 Operativo Especializado [&hellip;]<\/p>\n","protected":false},"author":1,"featured_media":57156,"comment_status":"closed","ping_status":"closed","sticky":false,"template":"","format":"standard","meta":{"footnotes":""},"categories":[30,34],"tags":[],"class_list":["post-57155","post","type-post","status-publish","format-standard","has-post-thumbnail","hentry","category-destacado","category-nacional"],"_links":{"self":[{"href":"https:\/\/elinformante.mx\/index.php?rest_route=\/wp\/v2\/posts\/57155","targetHints":{"allow":["GET"]}}],"collection":[{"href":"https:\/\/elinformante.mx\/index.php?rest_route=\/wp\/v2\/posts"}],"about":[{"href":"https:\/\/elinformante.mx\/index.php?rest_route=\/wp\/v2\/types\/post"}],"author":[{"embeddable":true,"href":"https:\/\/elinformante.mx\/index.php?rest_route=\/wp\/v2\/users\/1"}],"replies":[{"embeddable":true,"href":"https:\/\/elinformante.mx\/index.php?rest_route=%2Fwp%2Fv2%2Fcomments&post=57155"}],"version-history":[{"count":0,"href":"https:\/\/elinformante.mx\/index.php?rest_route=\/wp\/v2\/posts\/57155\/revisions"}],"wp:featuredmedia":[{"embeddable":true,"href":"https:\/\/elinformante.mx\/index.php?rest_route=\/wp\/v2\/media\/57156"}],"wp:attachment":[{"href":"https:\/\/elinformante.mx\/index.php?rest_route=%2Fwp%2Fv2%2Fmedia&parent=57155"}],"wp:term":[{"taxonomy":"category","embeddable":true,"href":"https:\/\/elinformante.mx\/index.php?rest_route=%2Fwp%2Fv2%2Fcategories&post=57155"},{"taxonomy":"post_tag","embeddable":true,"href":"https:\/\/elinformante.mx\/index.php?rest_route=%2Fwp%2Fv2%2Ftags&post=57155"}],"curies":[{"name":"wp","href":"https:\/\/api.w.org\/{rel}","templated":true}]}}