{"id":57166,"date":"2024-06-18T06:59:30","date_gmt":"2024-06-18T12:59:30","guid":{"rendered":"https:\/\/elinformante.mx\/?p=57166"},"modified":"2024-06-18T06:59:31","modified_gmt":"2024-06-18T12:59:31","slug":"gobernadora-nombra-nuevo-secretario-de-seguridad","status":"publish","type":"post","link":"https:\/\/elinformante.mx\/?p=57166","title":{"rendered":"Gobernadora nombra nuevo Secretario de Seguridad"},"content":{"rendered":"\n<blockquote class=\"wp-block-quote is-layout-flow wp-block-quote-is-layout-flow\">\n<p>El Teniente Coronel Crist\u00f3bal Camarillo Casta\u00f1eda, llega como titular de la Secretar\u00eda de Seguridad del Estado de M\u00e9xico.<\/p>\n<\/blockquote>\n\n\n\n<p>Una serie de ajuste realiz\u00f3 la gobernadora Delfina G\u00f3mez \u00c1lvarez, quien realiz\u00f3 cambios en su gabinete; de entrada nombr\u00f3 al Teniente Coronel Crist\u00f3bal Camarillo Casta\u00f1eda como titular en la Secretar\u00eda de Seguridad del Estado de M\u00e9xico.<br><\/p>\n\n\n\n<p>Tambi\u00e9n rindi\u00f3 protesta F\u00e1tima Orqu\u00eddea Olivares Torres, quien estar\u00e1 como subsecretaria de Cultura; Ricardo L\u00f3pez Avenda\u00f1o, subsecretario de Administraci\u00f3n y Finanzas de la SECTI; David Villanueva Lomel\u00ed, titular de la Agencia Digital del Estado de M\u00e9xico; Jos\u00e9 Manuel Sotomayor Landecho, Director General de Cultura F\u00edsica y Deporte; as\u00ed como a Ulises Loyola Garc\u00eda, Director del Centro M\u00e9dico ISSEMYM Toluca.<br><\/p>\n\n\n\n<figure class=\"wp-block-image size-large\"><img fetchpriority=\"high\" decoding=\"async\" width=\"1024\" height=\"503\" src=\"https:\/\/elinformante.mx\/wp-content\/uploads\/2024\/06\/DELFINA-4-1-1024x503.jpg\" alt=\"\" class=\"wp-image-57168\" srcset=\"https:\/\/elinformante.mx\/wp-content\/uploads\/2024\/06\/DELFINA-4-1-1024x503.jpg 1024w, https:\/\/elinformante.mx\/wp-content\/uploads\/2024\/06\/DELFINA-4-1-300x147.jpg 300w, https:\/\/elinformante.mx\/wp-content\/uploads\/2024\/06\/DELFINA-4-1-768x377.jpg 768w, https:\/\/elinformante.mx\/wp-content\/uploads\/2024\/06\/DELFINA-4-1-580x285.jpg 580w, https:\/\/elinformante.mx\/wp-content\/uploads\/2024\/06\/DELFINA-4-1-860x422.jpg 860w, https:\/\/elinformante.mx\/wp-content\/uploads\/2024\/06\/DELFINA-4-1.jpg 1140w\" sizes=\"(max-width: 1024px) 100vw, 1024px\" \/><\/figure>\n\n\n\n<p>En el Sal\u00f3n Gobernadores, Delfina G\u00f3mez \u00c1lvarez pidi\u00f3 a los nuevos funcionarios trabajar en uni\u00f3n para seguir transformando al Estado de M\u00e9xico.<br><\/p>\n\n\n\n<p>El Teniente Coronel Crist\u00f3bal Casta\u00f1eda Camarillo tiene m\u00e1s de 30 a\u00f1os de trayectoria y formaci\u00f3n profesional militar; tiene una licenciatura en Administraci\u00f3n Militar y dos maestr\u00edas, una en Administraci\u00f3n Naval y otra en Administraci\u00f3n de Negocios; actualmente es Doctorante en Seguridad P\u00fablica y Ciencias Pol\u00edticas.<br><\/p>\n\n\n\n<p>Trabaj\u00f3 en la Secretar\u00eda de Hacienda y Cr\u00e9dito P\u00fablico como Director Adjunto de Negocios en el Banco Nacional del Ej\u00e9rcito y Fuerza A\u00e9rea, donde logr\u00f3 resultados importantes y recibi\u00f3 reconocimientos internacionales por el trabajo realizado. Su trayectoria en la Secretar\u00eda de la Defensa Nacional (Sedena), desde 1993, respalda su capacidad para asumir responsabilidades de alto nivel en materia de seguridad.<br><\/p>\n\n\n\n<figure class=\"wp-block-image size-large\"><img decoding=\"async\" width=\"1024\" height=\"503\" src=\"https:\/\/elinformante.mx\/wp-content\/uploads\/2024\/06\/DELFINA-3-1-1024x503.jpg\" alt=\"\" class=\"wp-image-57169\" srcset=\"https:\/\/elinformante.mx\/wp-content\/uploads\/2024\/06\/DELFINA-3-1-1024x503.jpg 1024w, https:\/\/elinformante.mx\/wp-content\/uploads\/2024\/06\/DELFINA-3-1-300x147.jpg 300w, https:\/\/elinformante.mx\/wp-content\/uploads\/2024\/06\/DELFINA-3-1-768x377.jpg 768w, https:\/\/elinformante.mx\/wp-content\/uploads\/2024\/06\/DELFINA-3-1-580x285.jpg 580w, https:\/\/elinformante.mx\/wp-content\/uploads\/2024\/06\/DELFINA-3-1-860x422.jpg 860w, https:\/\/elinformante.mx\/wp-content\/uploads\/2024\/06\/DELFINA-3-1.jpg 1140w\" sizes=\"(max-width: 1024px) 100vw, 1024px\" \/><\/figure>\n\n\n\n<p>F\u00e1tima Orqu\u00eddea Olivares Torres ser\u00e1 la subsecretaria de Cultura de la Secretar\u00eda de Cultura y Turismo. Tiene una licenciatura en Educaci\u00f3n, y cursa una Maestr\u00eda en Administraci\u00f3n P\u00fablica. Inici\u00f3 su carrera como maestra frente a grupo; destac\u00f3 como Coordinadora de Seguridad Escolar por la Secretar\u00eda de Educaci\u00f3n P\u00fablica (SEP) en Tampico; fue Coordinadora Nacional de Educaci\u00f3n por la Excelencia (EXE) en la SEP, y trabaj\u00f3 estrechamente con el SNTE para mejorar la calidad educativa.<br><\/p>\n\n\n\n<p>David Villanueva Lomel\u00ed ser\u00e1 el titular de la Agencia Digital del Estado de M\u00e9xico. Es Doctor en Administraci\u00f3n P\u00fablica. Cuenta con estudios de postdoctorado en Administraci\u00f3n, Pol\u00edtica P\u00fablica y Educaci\u00f3n Superior. Se desempe\u00f1\u00f3 como consultor en Rendici\u00f3n de Cuentas y Auditor\u00eda; Auditor Superior del Estado de Puebla; y titular de la Unidad de Evaluaci\u00f3n y Control de la Comisi\u00f3n de Vigilancia de la Auditor\u00eda Superior de la Federaci\u00f3n de la C\u00e1mara de Diputados.<br><\/p>\n\n\n\n<p>Ricardo L\u00f3pez Avenda\u00f1o ser\u00e1 subsecretario de Administraci\u00f3n y Finanzas de la Secretar\u00eda de Educaci\u00f3n, Ciencia, Tecnolog\u00eda e Innovaci\u00f3n (SECTI). Es maestro en Administraci\u00f3n y Pol\u00edticas P\u00fablicas, cuenta con trayectoria en el \u00e1mbito estatal y federal, en este \u00faltimo ha colaborado en las secretar\u00edas de Educaci\u00f3n P\u00fablica, Gobernaci\u00f3n y Cultura.<br><\/p>\n\n\n\n<figure class=\"wp-block-image size-large\"><img decoding=\"async\" width=\"1024\" height=\"503\" src=\"https:\/\/elinformante.mx\/wp-content\/uploads\/2024\/06\/DELFINA-2-1-1024x503.jpg\" alt=\"\" class=\"wp-image-57170\" srcset=\"https:\/\/elinformante.mx\/wp-content\/uploads\/2024\/06\/DELFINA-2-1-1024x503.jpg 1024w, https:\/\/elinformante.mx\/wp-content\/uploads\/2024\/06\/DELFINA-2-1-300x147.jpg 300w, https:\/\/elinformante.mx\/wp-content\/uploads\/2024\/06\/DELFINA-2-1-768x377.jpg 768w, https:\/\/elinformante.mx\/wp-content\/uploads\/2024\/06\/DELFINA-2-1-580x285.jpg 580w, https:\/\/elinformante.mx\/wp-content\/uploads\/2024\/06\/DELFINA-2-1-860x422.jpg 860w, https:\/\/elinformante.mx\/wp-content\/uploads\/2024\/06\/DELFINA-2-1.jpg 1140w\" sizes=\"(max-width: 1024px) 100vw, 1024px\" \/><\/figure>\n\n\n\n<p>Mientras que Manuel Sotomayor Landecho estar\u00e1 a cargo de la Direcci\u00f3n General de Cultura F\u00edsica y Deporte, de la SECTI. Tiene una maestr\u00eda en Sustentabilidad y Responsabilidad Social; es creador del Programa Elite enfocado a atletas de alto rendimiento; fue seleccionado nacional de nataci\u00f3n durante 13 a\u00f1os, representando a M\u00e9xico y al Estado de M\u00e9xico obteniendo m\u00faltiples medallas en eventos nacionales e internacionales, como en los Juegos Centroamericanos. Fue durante 10 a\u00f1os consecutivos el primer lugar nacional en prueba de 50 m estilo mariposa.<br><\/p>\n\n\n\n<p>Ulises Loyola Garc\u00eda ser\u00e1 el Director del Centro M\u00e9dico ISSEMYM Toluca. Es licenciado en Medicina General por la Escuela M\u00e9dico Militar con especialidad en Cirug\u00eda General y del Trauma; cuenta con una maestr\u00eda en Investigaci\u00f3n Cl\u00ednica. Fue socio fundador de la Sociedad Mexicana de Cirujanos Tor\u00e1cicos Generales, y desde el a\u00f1o 2014 se desempe\u00f1aba como Subdirector M\u00e9dico del Centro M\u00e9dico ISSEMYM Toluca.<\/p>\n","protected":false},"excerpt":{"rendered":"<p>El Teniente Coronel Crist\u00f3bal Camarillo Casta\u00f1eda, llega como titular de la Secretar\u00eda de Seguridad del Estado de M\u00e9xico. Una serie de ajuste realiz\u00f3 la gobernadora Delfina G\u00f3mez \u00c1lvarez, quien realiz\u00f3 cambios en su gabinete; de entrada nombr\u00f3 al Teniente Coronel Crist\u00f3bal Camarillo Casta\u00f1eda como titular en la Secretar\u00eda de Seguridad del Estado de M\u00e9xico. Tambi\u00e9n [&hellip;]<\/p>\n","protected":false},"author":1,"featured_media":57167,"comment_status":"closed","ping_status":"closed","sticky":false,"template":"","format":"standard","meta":{"footnotes":""},"categories":[30,36,34],"tags":[],"class_list":["post-57166","post","type-post","status-publish","format-standard","has-post-thumbnail","hentry","category-destacado","category-edomex","category-nacional"],"_links":{"self":[{"href":"https:\/\/elinformante.mx\/index.php?rest_route=\/wp\/v2\/posts\/57166","targetHints":{"allow":["GET"]}}],"collection":[{"href":"https:\/\/elinformante.mx\/index.php?rest_route=\/wp\/v2\/posts"}],"about":[{"href":"https:\/\/elinformante.mx\/index.php?rest_route=\/wp\/v2\/types\/post"}],"author":[{"embeddable":true,"href":"https:\/\/elinformante.mx\/index.php?rest_route=\/wp\/v2\/users\/1"}],"replies":[{"embeddable":true,"href":"https:\/\/elinformante.mx\/index.php?rest_route=%2Fwp%2Fv2%2Fcomments&post=57166"}],"version-history":[{"count":0,"href":"https:\/\/elinformante.mx\/index.php?rest_route=\/wp\/v2\/posts\/57166\/revisions"}],"wp:featuredmedia":[{"embeddable":true,"href":"https:\/\/elinformante.mx\/index.php?rest_route=\/wp\/v2\/media\/57167"}],"wp:attachment":[{"href":"https:\/\/elinformante.mx\/index.php?rest_route=%2Fwp%2Fv2%2Fmedia&parent=57166"}],"wp:term":[{"taxonomy":"category","embeddable":true,"href":"https:\/\/elinformante.mx\/index.php?rest_route=%2Fwp%2Fv2%2Fcategories&post=57166"},{"taxonomy":"post_tag","embeddable":true,"href":"https:\/\/elinformante.mx\/index.php?rest_route=%2Fwp%2Fv2%2Ftags&post=57166"}],"curies":[{"name":"wp","href":"https:\/\/api.w.org\/{rel}","templated":true}]}}