{"id":57172,"date":"2024-06-18T07:01:25","date_gmt":"2024-06-18T13:01:25","guid":{"rendered":"https:\/\/elinformante.mx\/?p=57172"},"modified":"2024-06-18T07:01:26","modified_gmt":"2024-06-18T13:01:26","slug":"tres-de-cada-diez-adultos-mayores-en-mexico-han-sufrido-maltrato","status":"publish","type":"post","link":"https:\/\/elinformante.mx\/?p=57172","title":{"rendered":"Tres de cada diez adultos mayores en M\u00e9xico han sufrido maltrato"},"content":{"rendered":"\n<blockquote class=\"wp-block-quote is-layout-flow wp-block-quote-is-layout-flow\">\n<p>Las personas mayores son especialmente vulnerables debido a su condici\u00f3n f\u00edsica, necesidad de cuidados y, en algunos casos, por su situaci\u00f3n econ\u00f3mica.<\/p>\n<\/blockquote>\n\n\n\n<p>La acad\u00e9mica de la Facultad de Estudios Superiores Zaragoza de la UNAM, Virginia Amalia V\u00e1zquez T\u00e9llez, afirma que \u201ctres de cada diez adultos mayores han sufrido alg\u00fan tipo de maltrato\u201c.<br><\/p>\n\n\n\n<p>La especialista se\u00f1ala que este tipo de abuso puede ser f\u00edsico, psicol\u00f3gico, econ\u00f3mico, sexual o por abandono.<br><\/p>\n\n\n\n<p>Entre los ejemplos de maltrato f\u00edsico se encuentran los da\u00f1os corporales, mientras que el maltrato psicol\u00f3gico puede incluir actos verbales o no verbales que generen angustia, desvalorizaci\u00f3n o sufrimiento.<br><\/p>\n\n\n\n<p>El abuso sexual se define como el contacto sexual no consentido, mientras que el abandono se refiere al descuido o desamparo de una persona que depende de otra. La explotaci\u00f3n financiera, por otro lado, implica el uso ilegal de los fondos, la propiedad o los recursos de la persona mayor.<br><\/p>\n\n\n\n<p>Las personas mayores son especialmente vulnerables al maltrato debido a su condici\u00f3n f\u00edsica, necesidad de cuidados y, en algunos casos, por su situaci\u00f3n econ\u00f3mica.<br><\/p>\n\n\n\n<p>No se animan a algo tan esencial como opinar o tomar decisiones; guardan silencio para no arriesgarse a dejar de recibir el cuidado de los familiares.<br><\/p>\n\n\n\n<p>Adem\u00e1s del maltrato en s\u00ed, las personas mayores tambi\u00e9n enfrentan la dificultad para denunciarlo por miedo a represalias o a que el abuso empeore. A esto se suma la discriminaci\u00f3n por edad, conocida como \u201cviejismo\u201d, que los coloca en una posici\u00f3n a\u00fan m\u00e1s vulnerable.<br><\/p>\n\n\n\n<p>La acad\u00e9mica de la UNAM hace un llamado a reconocer la val\u00eda de las personas mayores y a promover una cultura de envejecimiento activo y saludable.<br><\/p>\n\n\n\n<p>V\u00e1zquez T\u00e9llez tambi\u00e9n destaca la importancia de erradicar el \u201cviejismo\u201d y de combatir el maltrato en todas sus formas.<br><\/p>\n\n\n\n<p>La especialista se\u00f1ala que, en la mayor\u00eda de los casos, los agresores son familiares de las v\u00edctimas.<\/p>\n","protected":false},"excerpt":{"rendered":"<p>Las personas mayores son especialmente vulnerables debido a su condici\u00f3n f\u00edsica, necesidad de cuidados y, en algunos casos, por su situaci\u00f3n econ\u00f3mica. La acad\u00e9mica de la Facultad de Estudios Superiores Zaragoza de la UNAM, Virginia Amalia V\u00e1zquez T\u00e9llez, afirma que \u201ctres de cada diez adultos mayores han sufrido alg\u00fan tipo de maltrato\u201c. La especialista se\u00f1ala [&hellip;]<\/p>\n","protected":false},"author":1,"featured_media":57173,"comment_status":"closed","ping_status":"closed","sticky":false,"template":"","format":"standard","meta":{"footnotes":""},"categories":[30,34,31],"tags":[],"class_list":["post-57172","post","type-post","status-publish","format-standard","has-post-thumbnail","hentry","category-destacado","category-nacional","category-portada"],"_links":{"self":[{"href":"https:\/\/elinformante.mx\/index.php?rest_route=\/wp\/v2\/posts\/57172","targetHints":{"allow":["GET"]}}],"collection":[{"href":"https:\/\/elinformante.mx\/index.php?rest_route=\/wp\/v2\/posts"}],"about":[{"href":"https:\/\/elinformante.mx\/index.php?rest_route=\/wp\/v2\/types\/post"}],"author":[{"embeddable":true,"href":"https:\/\/elinformante.mx\/index.php?rest_route=\/wp\/v2\/users\/1"}],"replies":[{"embeddable":true,"href":"https:\/\/elinformante.mx\/index.php?rest_route=%2Fwp%2Fv2%2Fcomments&post=57172"}],"version-history":[{"count":0,"href":"https:\/\/elinformante.mx\/index.php?rest_route=\/wp\/v2\/posts\/57172\/revisions"}],"wp:featuredmedia":[{"embeddable":true,"href":"https:\/\/elinformante.mx\/index.php?rest_route=\/wp\/v2\/media\/57173"}],"wp:attachment":[{"href":"https:\/\/elinformante.mx\/index.php?rest_route=%2Fwp%2Fv2%2Fmedia&parent=57172"}],"wp:term":[{"taxonomy":"category","embeddable":true,"href":"https:\/\/elinformante.mx\/index.php?rest_route=%2Fwp%2Fv2%2Fcategories&post=57172"},{"taxonomy":"post_tag","embeddable":true,"href":"https:\/\/elinformante.mx\/index.php?rest_route=%2Fwp%2Fv2%2Ftags&post=57172"}],"curies":[{"name":"wp","href":"https:\/\/api.w.org\/{rel}","templated":true}]}}