{"id":57175,"date":"2024-06-18T07:03:14","date_gmt":"2024-06-18T13:03:14","guid":{"rendered":"https:\/\/elinformante.mx\/?p=57175"},"modified":"2024-06-18T07:03:16","modified_gmt":"2024-06-18T13:03:16","slug":"incertidumbre-economica-por-reformas-de-la-4t","status":"publish","type":"post","link":"https:\/\/elinformante.mx\/?p=57175","title":{"rendered":"INCERTIDUMBRE ECON\u00d3MICA POR REFORMAS DE LA 4T"},"content":{"rendered":"\n<blockquote class=\"wp-block-quote is-layout-flow wp-block-quote-is-layout-flow\">\n<p>El Consejo Coordinador Empresarial se\u00f1ala que los resultados de la elecci\u00f3n del 2 de junio pasado sumaron dudas en los inversionistas.<\/p>\n<\/blockquote>\n\n\n\n<p>El Centro de Estudios Econ\u00f3micos del Sector Privado (CEESP) lanza una advertencia fuerte: \u201cprevalece la incertidumbre\u201d sobre el futuro de la econom\u00eda mexicana.<br><\/p>\n\n\n\n<p>Esta incertidumbre es considerado por el sector como uno de los principales retos que deber\u00e1 enfrentar la pr\u00f3xima presidenta, Claudia Sheinbaum Pardo.<br><\/p>\n\n\n\n<figure class=\"wp-block-image size-large\"><img fetchpriority=\"high\" decoding=\"async\" width=\"1024\" height=\"503\" src=\"https:\/\/elinformante.mx\/wp-content\/uploads\/2024\/06\/INCERTIDUMBRE-2-1024x503.jpg\" alt=\"\" class=\"wp-image-57177\" srcset=\"https:\/\/elinformante.mx\/wp-content\/uploads\/2024\/06\/INCERTIDUMBRE-2-1024x503.jpg 1024w, https:\/\/elinformante.mx\/wp-content\/uploads\/2024\/06\/INCERTIDUMBRE-2-300x147.jpg 300w, https:\/\/elinformante.mx\/wp-content\/uploads\/2024\/06\/INCERTIDUMBRE-2-768x377.jpg 768w, https:\/\/elinformante.mx\/wp-content\/uploads\/2024\/06\/INCERTIDUMBRE-2-580x285.jpg 580w, https:\/\/elinformante.mx\/wp-content\/uploads\/2024\/06\/INCERTIDUMBRE-2-860x422.jpg 860w, https:\/\/elinformante.mx\/wp-content\/uploads\/2024\/06\/INCERTIDUMBRE-2.jpg 1140w\" sizes=\"(max-width: 1024px) 100vw, 1024px\" \/><\/figure>\n\n\n\n<p>El CEESP del Consejo Coordinador Empresarial (CCE) record\u00f3 en su nota semanal que los resultados de las elecciones de 2 de junio pasado sumaron dudas en los inversionistas, lo que afect\u00f3 al peso mexicano frente al d\u00f3lar y desplom\u00f3 la Bolsa Mexicana de Valores (BMV).<br><\/p>\n\n\n\n<p>Un d\u00eda despu\u00e9s de los comicios, el tipo de cambio se depreci\u00f3 un 4.4 por ciento, la mayor ca\u00edda desde noviembre de 2023, mientras que la BMV cay\u00f3 un 6.11 por ciento, algo que no se presentaba desde marzo de 2020, al inicio de la pandemia por la covid-19 en el pa\u00eds.<br><\/p>\n\n\n\n<figure class=\"wp-block-image size-large\"><img decoding=\"async\" width=\"1024\" height=\"503\" src=\"https:\/\/elinformante.mx\/wp-content\/uploads\/2024\/06\/INCERTIDUMBRE-3-1024x503.jpg\" alt=\"\" class=\"wp-image-57178\" srcset=\"https:\/\/elinformante.mx\/wp-content\/uploads\/2024\/06\/INCERTIDUMBRE-3-1024x503.jpg 1024w, https:\/\/elinformante.mx\/wp-content\/uploads\/2024\/06\/INCERTIDUMBRE-3-300x147.jpg 300w, https:\/\/elinformante.mx\/wp-content\/uploads\/2024\/06\/INCERTIDUMBRE-3-768x377.jpg 768w, https:\/\/elinformante.mx\/wp-content\/uploads\/2024\/06\/INCERTIDUMBRE-3-580x285.jpg 580w, https:\/\/elinformante.mx\/wp-content\/uploads\/2024\/06\/INCERTIDUMBRE-3-860x422.jpg 860w, https:\/\/elinformante.mx\/wp-content\/uploads\/2024\/06\/INCERTIDUMBRE-3.jpg 1140w\" sizes=\"(max-width: 1024px) 100vw, 1024px\" \/><\/figure>\n\n\n\n<p>La reacci\u00f3n de los mercados y especialistas se produce despu\u00e9s de que el oficialismo alcanzara la mayor\u00eda de dos terceras partes en la C\u00e1mara de Diputados y una amplia mayor\u00eda en el Senado que le permitir\u00eda aprobar leyes sin consenso, aunque ya se preve\u00eda el triunfo de Sheinbaum sobre la opositora X\u00f3chitl G\u00e1lvez.<br><\/p>\n\n\n\n<p>El CEESP tambi\u00e9n sopes\u00f3 que la econom\u00eda mexicana apunta a un menor desempe\u00f1o, lo que ha provocado un ajuste a la baja en los pron\u00f3sticos de 2024 y el siguiente a\u00f1o, \u201cincluso para ubicarse en niveles por debajo del promedio anual de los \u00faltimos 30 a\u00f1os de 2.1 por ciento\u201d.<br><\/p>\n\n\n\n<figure class=\"wp-block-image size-large\"><img decoding=\"async\" width=\"1024\" height=\"503\" src=\"https:\/\/elinformante.mx\/wp-content\/uploads\/2024\/06\/INCERTIDUMBRE-4-1024x503.jpg\" alt=\"\" class=\"wp-image-57179\" srcset=\"https:\/\/elinformante.mx\/wp-content\/uploads\/2024\/06\/INCERTIDUMBRE-4-1024x503.jpg 1024w, https:\/\/elinformante.mx\/wp-content\/uploads\/2024\/06\/INCERTIDUMBRE-4-300x147.jpg 300w, https:\/\/elinformante.mx\/wp-content\/uploads\/2024\/06\/INCERTIDUMBRE-4-768x377.jpg 768w, https:\/\/elinformante.mx\/wp-content\/uploads\/2024\/06\/INCERTIDUMBRE-4-580x285.jpg 580w, https:\/\/elinformante.mx\/wp-content\/uploads\/2024\/06\/INCERTIDUMBRE-4-860x422.jpg 860w, https:\/\/elinformante.mx\/wp-content\/uploads\/2024\/06\/INCERTIDUMBRE-4.jpg 1140w\" sizes=\"(max-width: 1024px) 100vw, 1024px\" \/><\/figure>\n\n\n\n<p>En su \u00faltimo informe trimestral, el Banco de M\u00e9xico (Banxico) redujo de 2.8 por ciento a 2.4 por ciento su pron\u00f3stico sobre el crecimiento econ\u00f3mico en 2024, mientras que especialistas consultados por el banco central redujeron de 2.26 por ciento a 2.06 por ciento su previsi\u00f3n para el mismo periodo.<br><\/p>\n\n\n\n<p>Y la Organizaci\u00f3n para la Cooperaci\u00f3n y el Desarrollo Econ\u00f3micos (OCDE) lo recort\u00f3 de 2.5 por ciento a 2 por ciento.<br><\/p>\n\n\n\n<figure class=\"wp-block-image size-large\"><img loading=\"lazy\" decoding=\"async\" width=\"1024\" height=\"503\" src=\"https:\/\/elinformante.mx\/wp-content\/uploads\/2024\/06\/INCERTIDUMBRE-6-1024x503.jpg\" alt=\"\" class=\"wp-image-57180\" srcset=\"https:\/\/elinformante.mx\/wp-content\/uploads\/2024\/06\/INCERTIDUMBRE-6-1024x503.jpg 1024w, https:\/\/elinformante.mx\/wp-content\/uploads\/2024\/06\/INCERTIDUMBRE-6-300x147.jpg 300w, https:\/\/elinformante.mx\/wp-content\/uploads\/2024\/06\/INCERTIDUMBRE-6-768x377.jpg 768w, https:\/\/elinformante.mx\/wp-content\/uploads\/2024\/06\/INCERTIDUMBRE-6-580x285.jpg 580w, https:\/\/elinformante.mx\/wp-content\/uploads\/2024\/06\/INCERTIDUMBRE-6-860x422.jpg 860w, https:\/\/elinformante.mx\/wp-content\/uploads\/2024\/06\/INCERTIDUMBRE-6.jpg 1140w\" sizes=\"(max-width: 1024px) 100vw, 1024px\" \/><\/figure>\n\n\n\n<p>El CEESP matiz\u00f3 que los ajustes en los pron\u00f3sticos para M\u00e9xico en 2025 son m\u00ednimos, aunque destac\u00f3 que \u201cel hecho es que la expectativa apunta a un menor dinamismo de la econom\u00eda el pr\u00f3ximo a\u00f1o\u201d.<br><\/p>\n\n\n\n<p>Seg\u00fan las proyecciones del Gobierno mexicano el pa\u00eds experimentar\u00e1 una expansi\u00f3n de hasta 3.5 por ciento al cierre de 2024 y de entre 2 y 3 por ciento en 2025, impulsado por el fen\u00f3meno de la relocalizaci\u00f3n de las cadenas de suministro a Norteam\u00e9rica o \u2018nearshoring\u2019.<\/p>\n\n\n\n<figure class=\"wp-block-image size-large\"><img loading=\"lazy\" decoding=\"async\" width=\"1024\" height=\"503\" src=\"https:\/\/elinformante.mx\/wp-content\/uploads\/2024\/06\/INCERTIDUMBRE-1024x503.jpg\" alt=\"\" class=\"wp-image-57181\" srcset=\"https:\/\/elinformante.mx\/wp-content\/uploads\/2024\/06\/INCERTIDUMBRE-1024x503.jpg 1024w, https:\/\/elinformante.mx\/wp-content\/uploads\/2024\/06\/INCERTIDUMBRE-300x147.jpg 300w, https:\/\/elinformante.mx\/wp-content\/uploads\/2024\/06\/INCERTIDUMBRE-768x377.jpg 768w, https:\/\/elinformante.mx\/wp-content\/uploads\/2024\/06\/INCERTIDUMBRE-580x285.jpg 580w, https:\/\/elinformante.mx\/wp-content\/uploads\/2024\/06\/INCERTIDUMBRE-860x422.jpg 860w, https:\/\/elinformante.mx\/wp-content\/uploads\/2024\/06\/INCERTIDUMBRE.jpg 1140w\" sizes=\"(max-width: 1024px) 100vw, 1024px\" \/><\/figure>\n","protected":false},"excerpt":{"rendered":"<p>El Consejo Coordinador Empresarial se\u00f1ala que los resultados de la elecci\u00f3n del 2 de junio pasado sumaron dudas en los inversionistas. El Centro de Estudios Econ\u00f3micos del Sector Privado (CEESP) lanza una advertencia fuerte: \u201cprevalece la incertidumbre\u201d sobre el futuro de la econom\u00eda mexicana. Esta incertidumbre es considerado por el sector como uno de los [&hellip;]<\/p>\n","protected":false},"author":1,"featured_media":57176,"comment_status":"closed","ping_status":"closed","sticky":false,"template":"","format":"standard","meta":{"footnotes":""},"categories":[30,34,31],"tags":[],"class_list":["post-57175","post","type-post","status-publish","format-standard","has-post-thumbnail","hentry","category-destacado","category-nacional","category-portada"],"_links":{"self":[{"href":"https:\/\/elinformante.mx\/index.php?rest_route=\/wp\/v2\/posts\/57175","targetHints":{"allow":["GET"]}}],"collection":[{"href":"https:\/\/elinformante.mx\/index.php?rest_route=\/wp\/v2\/posts"}],"about":[{"href":"https:\/\/elinformante.mx\/index.php?rest_route=\/wp\/v2\/types\/post"}],"author":[{"embeddable":true,"href":"https:\/\/elinformante.mx\/index.php?rest_route=\/wp\/v2\/users\/1"}],"replies":[{"embeddable":true,"href":"https:\/\/elinformante.mx\/index.php?rest_route=%2Fwp%2Fv2%2Fcomments&post=57175"}],"version-history":[{"count":0,"href":"https:\/\/elinformante.mx\/index.php?rest_route=\/wp\/v2\/posts\/57175\/revisions"}],"wp:featuredmedia":[{"embeddable":true,"href":"https:\/\/elinformante.mx\/index.php?rest_route=\/wp\/v2\/media\/57176"}],"wp:attachment":[{"href":"https:\/\/elinformante.mx\/index.php?rest_route=%2Fwp%2Fv2%2Fmedia&parent=57175"}],"wp:term":[{"taxonomy":"category","embeddable":true,"href":"https:\/\/elinformante.mx\/index.php?rest_route=%2Fwp%2Fv2%2Fcategories&post=57175"},{"taxonomy":"post_tag","embeddable":true,"href":"https:\/\/elinformante.mx\/index.php?rest_route=%2Fwp%2Fv2%2Ftags&post=57175"}],"curies":[{"name":"wp","href":"https:\/\/api.w.org\/{rel}","templated":true}]}}