{"id":57713,"date":"2024-06-25T06:12:28","date_gmt":"2024-06-25T12:12:28","guid":{"rendered":"https:\/\/elinformante.mx\/?p=57713"},"modified":"2024-06-25T06:12:29","modified_gmt":"2024-06-25T12:12:29","slug":"vinculan-a-proceso-a-implicado-en-el-delito-de-maltrato-animal","status":"publish","type":"post","link":"https:\/\/elinformante.mx\/?p=57713","title":{"rendered":"Vinculan a proceso a implicado en el delito de maltrato animal"},"content":{"rendered":"\n<blockquote class=\"wp-block-quote is-layout-flow wp-block-quote-is-layout-flow\">\n<p class=\"wp-block-paragraph\">El detenido habr\u00eda atacado con machete a una canina, ocasion\u00e1ndole lesiones, hechos que fueron videograbados y las im\u00e1genes dadas a conocer a trav\u00e9s de redes sociales.<\/p>\n<\/blockquote>\n\n\n\n<p class=\"wp-block-paragraph\">Un individuo identificado como Jos\u00e9 Juan \u201cN\u201d de 52 a\u00f1os, fue vinculado a proceso, luego de que la Fiscal\u00eda General de Justicia del Estado de M\u00e9xico (FGJEM) aport\u00f3 datos de prueba en su contra por el delito de maltrato animal, ya que el pasado 6 de mayo habr\u00eda atacado con machete a una canina, ocasion\u00e1ndole lesiones.<br><\/p>\n\n\n\n<p class=\"wp-block-paragraph\">La Autoridad Judicial luego de revisar los datos de prueba aportados por el Ministerio P\u00fablico, determin\u00f3 iniciar proceso legal contra este individuo, estableci\u00f3 plazo de un mes para el cierre de investigaci\u00f3n complementaria y medidas cautelares consistentes en una garant\u00eda econ\u00f3mica, presentaci\u00f3n peri\u00f3dica al Centro Estatal de Medidas Cautelares (CEMECA), as\u00ed como prohibici\u00f3n de acercarse al lugar de los hechos, al domicilio y al denunciante.<br><\/p>\n\n\n\n<p class=\"wp-block-paragraph\">Juan Jos\u00e9 \u201cN\u201d fue detenido como parte de una investigaci\u00f3n iniciada por la Fiscal\u00eda mexiquense, luego de que mediante una red social fue hecho del conocimiento p\u00fablico la presunta agresi\u00f3n a una canina de nombre \u201cZafiro\u201d, en la colonia San Jer\u00f3nimo, Cuatro Vientos, en el municipio de Ixtapaluca.<br><\/p>\n\n\n\n<p class=\"wp-block-paragraph\">Entre las diligencias realizadas fueron revisadas grabaciones de c\u00e1maras de seguridad, en donde se aprecia a un individuo caminar con el machete en la mano momento despu\u00e9s de haber lesionado a la canina, adem\u00e1s fue recabada entrevista al propietario de dicha mascota.<br><\/p>\n\n\n\n<p class=\"wp-block-paragraph\">Con los datos de prueba recabados, el Agente del Ministerio P\u00fablico solicit\u00f3 a la Autoridad Judicial librar orden de aprehensi\u00f3n en contra de Jos\u00e9 Juan \u201cN\u201d identificado como el probable agresor, mandamiento judicial que fue otorgado y cumplimentado por elementos de la Polic\u00eda de Investigaci\u00f3n.<br><\/p>\n\n\n\n<p class=\"wp-block-paragraph\">El detenido qued\u00f3 a disposici\u00f3n de la Autoridad Judicial del Centro Penitenciario y de Reinserci\u00f3n Social de Chalco, quien determin\u00f3 iniciar un proceso legal en su contra, no obstante, debe ser considerado inocente hasta que sea dictada una sentencia condenatoria en su contra.<\/p>\n","protected":false},"excerpt":{"rendered":"<p>El detenido habr\u00eda atacado con machete a una canina, ocasion\u00e1ndole lesiones, hechos que fueron videograbados y las im\u00e1genes dadas a conocer a trav\u00e9s de redes sociales. Un individuo identificado como Jos\u00e9 Juan \u201cN\u201d de 52 a\u00f1os, fue vinculado a proceso, luego de que la Fiscal\u00eda General de Justicia del Estado de M\u00e9xico (FGJEM) aport\u00f3 datos [&hellip;]<\/p>\n","protected":false},"author":1,"featured_media":57714,"comment_status":"closed","ping_status":"closed","sticky":false,"template":"","format":"standard","meta":{"footnotes":""},"categories":[36,37],"tags":[],"class_list":["post-57713","post","type-post","status-publish","format-standard","has-post-thumbnail","hentry","category-edomex","category-justicia"],"_links":{"self":[{"href":"https:\/\/elinformante.mx\/index.php?rest_route=\/wp\/v2\/posts\/57713","targetHints":{"allow":["GET"]}}],"collection":[{"href":"https:\/\/elinformante.mx\/index.php?rest_route=\/wp\/v2\/posts"}],"about":[{"href":"https:\/\/elinformante.mx\/index.php?rest_route=\/wp\/v2\/types\/post"}],"author":[{"embeddable":true,"href":"https:\/\/elinformante.mx\/index.php?rest_route=\/wp\/v2\/users\/1"}],"replies":[{"embeddable":true,"href":"https:\/\/elinformante.mx\/index.php?rest_route=%2Fwp%2Fv2%2Fcomments&post=57713"}],"version-history":[{"count":0,"href":"https:\/\/elinformante.mx\/index.php?rest_route=\/wp\/v2\/posts\/57713\/revisions"}],"wp:featuredmedia":[{"embeddable":true,"href":"https:\/\/elinformante.mx\/index.php?rest_route=\/wp\/v2\/media\/57714"}],"wp:attachment":[{"href":"https:\/\/elinformante.mx\/index.php?rest_route=%2Fwp%2Fv2%2Fmedia&parent=57713"}],"wp:term":[{"taxonomy":"category","embeddable":true,"href":"https:\/\/elinformante.mx\/index.php?rest_route=%2Fwp%2Fv2%2Fcategories&post=57713"},{"taxonomy":"post_tag","embeddable":true,"href":"https:\/\/elinformante.mx\/index.php?rest_route=%2Fwp%2Fv2%2Ftags&post=57713"}],"curies":[{"name":"wp","href":"https:\/\/api.w.org\/{rel}","templated":true}]}}