{"id":57761,"date":"2024-06-25T06:55:09","date_gmt":"2024-06-25T12:55:09","guid":{"rendered":"https:\/\/elinformante.mx\/?p=57761"},"modified":"2024-06-25T06:55:10","modified_gmt":"2024-06-25T12:55:10","slug":"comedores-publicos-y-comunitarios-seran-un-derecho-en-la-ciudad-de-mexico","status":"publish","type":"post","link":"https:\/\/elinformante.mx\/?p=57761","title":{"rendered":"Comedores p\u00fablicos y comunitarios ser\u00e1n un derecho en la Ciudad de M\u00e9xico"},"content":{"rendered":"\n<blockquote class=\"wp-block-quote is-layout-flow wp-block-quote-is-layout-flow\">\n<p class=\"wp-block-paragraph\">El anuncio fue realizado por el jefe de Gobierno capitalino, Mart\u00ed Batres Guadarrama.<\/p>\n<\/blockquote>\n\n\n\n<p class=\"wp-block-paragraph\">El Jefe de Gobierno capitalino, Mart\u00ed Batres Guadarrama, anunci\u00f3 en conferencia de prensa la reforma a la constituci\u00f3n capitalina para incorporar a los comedores p\u00fablicos y comunitarios como un derecho.<br><\/p>\n\n\n\n<p class=\"wp-block-paragraph\">El congreso de la CDMX, II legislatura realiz\u00f3 el decreto \u00fanico que establece \u201cse adiciona un segundo p\u00e1rrafo al apartado c, numeral 2, del art\u00edculo 9 de la constituci\u00f3n pol\u00edtica de la ciudad de M\u00e9xico\u201d, la cual queda de la siguiente manera:<br><\/p>\n\n\n\n<figure class=\"wp-block-image size-large\"><img fetchpriority=\"high\" decoding=\"async\" width=\"1024\" height=\"503\" src=\"https:\/\/elinformante.mx\/wp-content\/uploads\/2024\/06\/5BATRES-3-1-1024x503.jpg\" alt=\"\" class=\"wp-image-57763\" srcset=\"https:\/\/elinformante.mx\/wp-content\/uploads\/2024\/06\/5BATRES-3-1-1024x503.jpg 1024w, https:\/\/elinformante.mx\/wp-content\/uploads\/2024\/06\/5BATRES-3-1-300x147.jpg 300w, https:\/\/elinformante.mx\/wp-content\/uploads\/2024\/06\/5BATRES-3-1-768x377.jpg 768w, https:\/\/elinformante.mx\/wp-content\/uploads\/2024\/06\/5BATRES-3-1-580x285.jpg 580w, https:\/\/elinformante.mx\/wp-content\/uploads\/2024\/06\/5BATRES-3-1-860x422.jpg 860w, https:\/\/elinformante.mx\/wp-content\/uploads\/2024\/06\/5BATRES-3-1.jpg 1140w\" sizes=\"(max-width: 1024px) 100vw, 1024px\" \/><\/figure>\n\n\n\n<p class=\"wp-block-paragraph\">El apartado C, hace \u00e9nfasis al derecho a la alimentaci\u00f3n y a la nutrici\u00f3n, el decreto se\u00f1ala que: \u201cPara el logro de este objetivo se establecer\u00e1, entre otros mecanismos, un Sistema de Comedores P\u00fablicos y Comunitarios, de conformidad con las reglas de operaci\u00f3n que permitan costos m\u00ednimos o gratuitos para las personas usuarias\u201d.<br><\/p>\n\n\n\n<p class=\"wp-block-paragraph\">Actualmente se existen 701 comedores entre p\u00fablicos, comunitarios, consolidados, m\u00f3viles y emergentes, durante la conferencia se detall\u00f3 la creaci\u00f3n de m\u00e1s instancias para cumplir con del decreto.<br><\/p>\n\n\n\n<p class=\"wp-block-paragraph\">En la capital se ponen en marcha los comedores comunitarios, en los que la raci\u00f3n de comida cuesta 11 pesos y los p\u00fablicos donde se ofrece alimento sin costo.<\/p>\n","protected":false},"excerpt":{"rendered":"<p>El anuncio fue realizado por el jefe de Gobierno capitalino, Mart\u00ed Batres Guadarrama. El Jefe de Gobierno capitalino, Mart\u00ed Batres Guadarrama, anunci\u00f3 en conferencia de prensa la reforma a la constituci\u00f3n capitalina para incorporar a los comedores p\u00fablicos y comunitarios como un derecho. El congreso de la CDMX, II legislatura realiz\u00f3 el decreto \u00fanico que [&hellip;]<\/p>\n","protected":false},"author":1,"featured_media":57762,"comment_status":"closed","ping_status":"closed","sticky":false,"template":"","format":"standard","meta":{"footnotes":""},"categories":[35,30],"tags":[],"class_list":["post-57761","post","type-post","status-publish","format-standard","has-post-thumbnail","hentry","category-cdmx","category-destacado"],"_links":{"self":[{"href":"https:\/\/elinformante.mx\/index.php?rest_route=\/wp\/v2\/posts\/57761","targetHints":{"allow":["GET"]}}],"collection":[{"href":"https:\/\/elinformante.mx\/index.php?rest_route=\/wp\/v2\/posts"}],"about":[{"href":"https:\/\/elinformante.mx\/index.php?rest_route=\/wp\/v2\/types\/post"}],"author":[{"embeddable":true,"href":"https:\/\/elinformante.mx\/index.php?rest_route=\/wp\/v2\/users\/1"}],"replies":[{"embeddable":true,"href":"https:\/\/elinformante.mx\/index.php?rest_route=%2Fwp%2Fv2%2Fcomments&post=57761"}],"version-history":[{"count":0,"href":"https:\/\/elinformante.mx\/index.php?rest_route=\/wp\/v2\/posts\/57761\/revisions"}],"wp:featuredmedia":[{"embeddable":true,"href":"https:\/\/elinformante.mx\/index.php?rest_route=\/wp\/v2\/media\/57762"}],"wp:attachment":[{"href":"https:\/\/elinformante.mx\/index.php?rest_route=%2Fwp%2Fv2%2Fmedia&parent=57761"}],"wp:term":[{"taxonomy":"category","embeddable":true,"href":"https:\/\/elinformante.mx\/index.php?rest_route=%2Fwp%2Fv2%2Fcategories&post=57761"},{"taxonomy":"post_tag","embeddable":true,"href":"https:\/\/elinformante.mx\/index.php?rest_route=%2Fwp%2Fv2%2Ftags&post=57761"}],"curies":[{"name":"wp","href":"https:\/\/api.w.org\/{rel}","templated":true}]}}