{"id":58857,"date":"2024-07-09T06:03:24","date_gmt":"2024-07-09T12:03:24","guid":{"rendered":"https:\/\/elinformante.mx\/?p=58857"},"modified":"2024-07-09T06:03:25","modified_gmt":"2024-07-09T12:03:25","slug":"la-mediacion-contribuye-a-construir-una-mejor-sociedad-sodi-cuellar","status":"publish","type":"post","link":"https:\/\/elinformante.mx\/?p=58857","title":{"rendered":"La mediaci\u00f3n contribuye a construir una mejor sociedad: Sodi Cuellar"},"content":{"rendered":"\n<blockquote class=\"wp-block-quote is-layout-flow wp-block-quote-is-layout-flow\">\n<p>El PJEdomex fue sede de la primera sesi\u00f3n del Consejo Nacional de Mecanismos Alternativos de Soluci\u00f3n de Controversias.<\/p>\n<\/blockquote>\n\n\n\n<p>\u201cDebemos ser una sociedad autogestiva que logre construir la paz y restablecer el tejido social da\u00f1ado por las controversias, volver a otorgarle fuerza a estrechar una mano y reconocer el valor de la palabra\u201d, expres\u00f3 Ricardo Sodi Cuellar, titular del Poder Judicial del Estado de M\u00e9xico.<br><\/p>\n\n\n\n<p>El Magistrado Presidente particip\u00f3 con la Gobernadora Delfina G\u00f3mez \u00c1lvarez, en la Primera Sesi\u00f3n Ordinaria del Consejo Nacional de Mecanismos Alternativos de Soluci\u00f3n de Controversias CNMASC, que encabeza el Magistrado Sergio Valls Esponda, Director General del Centro Estatal de Mediaci\u00f3n, Conciliaci\u00f3n y Justicia Restaurativa del PJEdomex.<br><\/p>\n\n\n\n<p>En el Cosmovitral y ante representantes de los 32 estados y la Federaci\u00f3n, cuatro de ellos v\u00eda remota, as\u00ed como de la Ministra Yazm\u00edn Esquivel Mossa, la Senadora Olga S\u00e1nchez Cordero y la Secretaria T\u00e9cnica del CNMASC, Nancy Guti\u00e9rrez Jim\u00e9nez, el titular del PJEdomex asegur\u00f3 que los trabajos del Consejo son una oportunidad hist\u00f3rica para hacer un verdadero cambio en la justicia en M\u00e9xico y fortalecer su acceso a nivel local.<br><\/p>\n\n\n\n<p>Sodi Cuellar destac\u00f3 que el PJEdomex ha dedicado un espacio importante en la agenda estrat\u00e9gica para favorecer os medios alternativos de soluci\u00f3n de conflictos, no solamente con los mediadores p\u00fablicos sino tambi\u00e9n privados y los notarios; ha promovido la mediaci\u00f3n escolar, comunitaria, ind\u00edgena y penitenciaria, ya que la mediaci\u00f3n contribuye a construir una mejor sociedad.<br><\/p>\n\n\n\n<p>La Gobernadora del Estado de M\u00e9xico refiri\u00f3 que los MASC son una herramienta poderosa para ampliar el acceso a la justicia en nuestro pa\u00eds; ofrecen una opci\u00f3n eficiente y equitativa para resolver conflictos con gratuidad y de manera voluntaria permitiendo que las partes en conflicto lleguen a acuerdos mediante el di\u00e1logo y la cooperaci\u00f3n.<br><\/p>\n\n\n\n<p>G\u00f3mez \u00c1lvarez apunt\u00f3 que la nueva ley es un paso importante para hacer una justicia m\u00e1s inclusiva y accesible; proporciona un marco legal s\u00f3lido a la implementaci\u00f3n y operaci\u00f3n de estos mecanismos garantizando que se apliquen de manera justa y eficiente.<br><\/p>\n\n\n\n<p>La Senadora Olga S\u00e1nchez Cordero resalt\u00f3 que es un honor formar parte de un momento hist\u00f3rico en el desarrollo institucional de la Justicia Alternativa en M\u00e9xico, tras la publicaci\u00f3n de la Ley General de MASC en el Diario Oficial de la Federaci\u00f3n el pasado 26 de enero de 2024.<br><\/p>\n\n\n\n<p>Esquivel Mossa, Ministra de la Suprema Corte de Justicia de la Naci\u00f3n, manifest\u00f3 que el di\u00e1logo, el acuerdo, la coordinaci\u00f3n, entre personas y poderes deben privilegiarse ante la inminente reforma al Poder Judicial Federal. Subray\u00f3 que es necesario dejar atr\u00e1s posturas personales y buscar puntos de encuentro, ya que, en la diversidad de opiniones, de visiones, a\u00fan de ideolog\u00edas, puede haber una riqueza enorme que nutra a la sociedad y a las instituciones.<br><\/p>\n\n\n\n<p>En esta primera jornada, el titular del Consejo rindi\u00f3 informe sobre las acciones realizadas y los grupos que lo conforman; se abordaron los lineamientos para la celebraci\u00f3n de convenios de colaboraci\u00f3n y para la capacitaci\u00f3n, evaluaci\u00f3n, certificaci\u00f3n, renovaci\u00f3n, suspensi\u00f3n y revocaci\u00f3n para las personas facilitadoras.<\/p>\n","protected":false},"excerpt":{"rendered":"<p>El PJEdomex fue sede de la primera sesi\u00f3n del Consejo Nacional de Mecanismos Alternativos de Soluci\u00f3n de Controversias. \u201cDebemos ser una sociedad autogestiva que logre construir la paz y restablecer el tejido social da\u00f1ado por las controversias, volver a otorgarle fuerza a estrechar una mano y reconocer el valor de la palabra\u201d, expres\u00f3 Ricardo Sodi [&hellip;]<\/p>\n","protected":false},"author":1,"featured_media":58858,"comment_status":"closed","ping_status":"closed","sticky":false,"template":"","format":"standard","meta":{"footnotes":""},"categories":[30,36],"tags":[],"class_list":["post-58857","post","type-post","status-publish","format-standard","has-post-thumbnail","hentry","category-destacado","category-edomex"],"_links":{"self":[{"href":"https:\/\/elinformante.mx\/index.php?rest_route=\/wp\/v2\/posts\/58857","targetHints":{"allow":["GET"]}}],"collection":[{"href":"https:\/\/elinformante.mx\/index.php?rest_route=\/wp\/v2\/posts"}],"about":[{"href":"https:\/\/elinformante.mx\/index.php?rest_route=\/wp\/v2\/types\/post"}],"author":[{"embeddable":true,"href":"https:\/\/elinformante.mx\/index.php?rest_route=\/wp\/v2\/users\/1"}],"replies":[{"embeddable":true,"href":"https:\/\/elinformante.mx\/index.php?rest_route=%2Fwp%2Fv2%2Fcomments&post=58857"}],"version-history":[{"count":0,"href":"https:\/\/elinformante.mx\/index.php?rest_route=\/wp\/v2\/posts\/58857\/revisions"}],"wp:featuredmedia":[{"embeddable":true,"href":"https:\/\/elinformante.mx\/index.php?rest_route=\/wp\/v2\/media\/58858"}],"wp:attachment":[{"href":"https:\/\/elinformante.mx\/index.php?rest_route=%2Fwp%2Fv2%2Fmedia&parent=58857"}],"wp:term":[{"taxonomy":"category","embeddable":true,"href":"https:\/\/elinformante.mx\/index.php?rest_route=%2Fwp%2Fv2%2Fcategories&post=58857"},{"taxonomy":"post_tag","embeddable":true,"href":"https:\/\/elinformante.mx\/index.php?rest_route=%2Fwp%2Fv2%2Ftags&post=58857"}],"curies":[{"name":"wp","href":"https:\/\/api.w.org\/{rel}","templated":true}]}}