{"id":58860,"date":"2024-07-09T06:07:38","date_gmt":"2024-07-09T12:07:38","guid":{"rendered":"https:\/\/elinformante.mx\/?p=58860"},"modified":"2024-07-09T06:11:37","modified_gmt":"2024-07-09T12:11:37","slug":"metepec-invertira-en-patrullas-electricas-jesus-ramirez-manzur","status":"publish","type":"post","link":"https:\/\/elinformante.mx\/?p=58860","title":{"rendered":"Metepec invertir\u00e1 en patrullas el\u00e9ctricas: Jes\u00fas Ram\u00edrez Manzur"},"content":{"rendered":"\n<blockquote class=\"wp-block-quote is-layout-flow wp-block-quote-is-layout-flow\">\n<p>Se prev\u00e9 inversi\u00f3n cercana a los 64 millones de pesos.<\/p>\n<\/blockquote>\n\n\n\n<p>La Direcci\u00f3n de Seguridad P\u00fablica y Tr\u00e1nsito Municipal de Metepec prev\u00e9 la renovaci\u00f3n total de sus patrullas, que pasar\u00e1n a ser veh\u00edculos el\u00e9ctricos, y ser\u00e1 durante el segundo periodo de gestiones del alcalde Fernando Flores Fue Jes\u00fas Ram\u00edrez Manzur, titular de Seguridad P\u00fablica municipal, quien dio a conocer que ya se cuenta con un anteproyecto presupuestal, con la finalidad de realizar las gestiones necesarias que fortalezcan las acciones operativas de la polic\u00eda municipal de Metepec.<br><\/p>\n\n\n\n<p>Record\u00f3 que para poder lograrlo, ser\u00e1 necesario contar con una buena recaudaci\u00f3n de impuestos municipales, pero tambi\u00e9n ser\u00e1n utilizados recursos federales que sean destinados al municipio.<br><\/p>\n\n\n\n<p>Aunque subray\u00f3 que la idea es renovar el parque vehicular en su totalidad, existe la posibilidad de que algunas patrullas contin\u00faen operando y as\u00ed se fortalezca a\u00fan m\u00e1s la movilidad de los elementos policiacos.<br><\/p>\n\n\n\n<p>Record\u00f3 que el fortalecimiento de la seguridad p\u00fablica del Pueblo M\u00e1gico contribuir\u00e1 a continuar con resultados positivos en la materia, pues a la fecha se tienen evidencias de la disminuci\u00f3n de la incidencia delictiva en el municipio.<br><\/p>\n\n\n\n<p>Se prev\u00e9 aumentar el capital humano de la Direcci\u00f3n de Seguridad P\u00fablica y Tr\u00e1nsito, por lo que llam\u00f3 a la poblaci\u00f3n interesada a estar pendiente de la convocatoria que ser\u00e1 publicada en breve.<br><\/p>\n\n\n\n<p>Afirm\u00f3 que se esta trabajando para realizar convocatorias que puedan sumar m\u00e1s elementos, tendr\u00e1n que pasar por ex\u00e1menes de control de confianza, despu\u00e9s por una capacitaci\u00f3n.<br><\/p>\n\n\n\n<p>Mencion\u00f3 que en estos tres a\u00f1os hemos logrado meter casi cerca de 70 elementos m\u00e1s, ahorita tenemos 415 elementos y se pretende llegar por lo menos a 500; pero recalc\u00f3 que la gesti\u00f3n del alcalde Fernando Flores pretende lograr una planilla de 600 a 700 uniformados<\/p>\n","protected":false},"excerpt":{"rendered":"<p>Se prev\u00e9 inversi\u00f3n cercana a los 64 millones de pesos. La Direcci\u00f3n de Seguridad P\u00fablica y Tr\u00e1nsito Municipal de Metepec prev\u00e9 la renovaci\u00f3n total de sus patrullas, que pasar\u00e1n a ser veh\u00edculos el\u00e9ctricos, y ser\u00e1 durante el segundo periodo de gestiones del alcalde Fernando Flores Fue Jes\u00fas Ram\u00edrez Manzur, titular de Seguridad P\u00fablica municipal, quien [&hellip;]<\/p>\n","protected":false},"author":1,"featured_media":58861,"comment_status":"closed","ping_status":"closed","sticky":false,"template":"","format":"standard","meta":{"footnotes":""},"categories":[30,36],"tags":[],"class_list":["post-58860","post","type-post","status-publish","format-standard","has-post-thumbnail","hentry","category-destacado","category-edomex"],"_links":{"self":[{"href":"https:\/\/elinformante.mx\/index.php?rest_route=\/wp\/v2\/posts\/58860","targetHints":{"allow":["GET"]}}],"collection":[{"href":"https:\/\/elinformante.mx\/index.php?rest_route=\/wp\/v2\/posts"}],"about":[{"href":"https:\/\/elinformante.mx\/index.php?rest_route=\/wp\/v2\/types\/post"}],"author":[{"embeddable":true,"href":"https:\/\/elinformante.mx\/index.php?rest_route=\/wp\/v2\/users\/1"}],"replies":[{"embeddable":true,"href":"https:\/\/elinformante.mx\/index.php?rest_route=%2Fwp%2Fv2%2Fcomments&post=58860"}],"version-history":[{"count":0,"href":"https:\/\/elinformante.mx\/index.php?rest_route=\/wp\/v2\/posts\/58860\/revisions"}],"wp:featuredmedia":[{"embeddable":true,"href":"https:\/\/elinformante.mx\/index.php?rest_route=\/wp\/v2\/media\/58861"}],"wp:attachment":[{"href":"https:\/\/elinformante.mx\/index.php?rest_route=%2Fwp%2Fv2%2Fmedia&parent=58860"}],"wp:term":[{"taxonomy":"category","embeddable":true,"href":"https:\/\/elinformante.mx\/index.php?rest_route=%2Fwp%2Fv2%2Fcategories&post=58860"},{"taxonomy":"post_tag","embeddable":true,"href":"https:\/\/elinformante.mx\/index.php?rest_route=%2Fwp%2Fv2%2Ftags&post=58860"}],"curies":[{"name":"wp","href":"https:\/\/api.w.org\/{rel}","templated":true}]}}