{"id":58870,"date":"2024-07-09T06:19:46","date_gmt":"2024-07-09T12:19:46","guid":{"rendered":"https:\/\/elinformante.mx\/?p=58870"},"modified":"2024-07-09T06:19:47","modified_gmt":"2024-07-09T12:19:47","slug":"hace-un-llamado-la-uaemex-para-prevenir-enfermedades-de-infancias-y-adolescencias","status":"publish","type":"post","link":"https:\/\/elinformante.mx\/?p=58870","title":{"rendered":"Hace un llamado la UAEM\u00e9x para prevenir enfermedades de infancias y adolescencias"},"content":{"rendered":"\n<blockquote class=\"wp-block-quote is-layout-flow wp-block-quote-is-layout-flow\">\n<p>La directora de la CMS, Ana Laura Guadarrama L\u00f3pez, explic\u00f3 que es necesario que asistan a visitas de control del paciente sano, para dar seguimiento al desarrollo de las y los ni\u00f1os y adolescentes.<\/p>\n<\/blockquote>\n\n\n\n<p>Con el objetivo de prevenir enfermedades de todo tipo en las infancias y las adolescencias, la Cl\u00ednica Multidisciplinaria de Salud (CMS) de la Universidad Aut\u00f3noma del Estado de M\u00e9xico (UAEM\u00e9x) ofrecer\u00e1 durante los meses de julio y agosto el servicio de certificados m\u00e9dicos a 70 pesos.<br><\/p>\n\n\n\n<p>La directora de la CMS, Ana Laura Guadarrama L\u00f3pez, explic\u00f3 que normalmente las infancias y las adolescencias acuden al m\u00e9dico cuando padecen alguna enfermedad; sin embargo, es necesario que asistan a visitas de control del paciente sano, ya que estaspermiten dar seguimiento al desarrollo de las y los ni\u00f1os y adolescentes.<br><\/p>\n\n\n\n<p>Guadarrama L\u00f3pez explic\u00f3 que estas consultas permiten realizar ex\u00e1menes f\u00edsicos completos que permitan conocer a los padres y personas cuidadoras c\u00f3mo se encuentra el estado de visi\u00f3n, nutrici\u00f3n y salud bucal del paciente. Asimismo, se pueden evaluar las habilidades motoras finas y gruesas, observar el habla del o la paciente para identificar alg\u00fan tipo de dificultad motriz o de lenguaje, adem\u00e1s de revisar que los esquemas de vacunaci\u00f3n correspondan a la edad de las infancias y adolescencias para prevenir enfermedades.<br><\/p>\n\n\n\n<figure class=\"wp-block-image size-large\"><img fetchpriority=\"high\" decoding=\"async\" width=\"1024\" height=\"503\" src=\"https:\/\/elinformante.mx\/wp-content\/uploads\/2024\/07\/10salud-2-1024x503.jpg\" alt=\"\" class=\"wp-image-58872\" srcset=\"https:\/\/elinformante.mx\/wp-content\/uploads\/2024\/07\/10salud-2-1024x503.jpg 1024w, https:\/\/elinformante.mx\/wp-content\/uploads\/2024\/07\/10salud-2-300x147.jpg 300w, https:\/\/elinformante.mx\/wp-content\/uploads\/2024\/07\/10salud-2-768x377.jpg 768w, https:\/\/elinformante.mx\/wp-content\/uploads\/2024\/07\/10salud-2-580x285.jpg 580w, https:\/\/elinformante.mx\/wp-content\/uploads\/2024\/07\/10salud-2-860x422.jpg 860w, https:\/\/elinformante.mx\/wp-content\/uploads\/2024\/07\/10salud-2.jpg 1140w\" sizes=\"(max-width: 1024px) 100vw, 1024px\" \/><\/figure>\n\n\n\n<p>Otro de los beneficios de las consultas del paciente sano es dar seguimiento al crecimiento y desarrollo del o la paciente, es decir, que si se realizan estas consultas peri\u00f3dicamente se pueden prevenir enfermedades. En el caso de la primera infancia permite conocer el desarrollo psicomotor de las y los ni\u00f1os, mientras que en la adolescencia permite identificar el desarrollo social y detectar problemas de aprendizaje.<br><\/p>\n\n\n\n<p>Ana Laura Guadarrama mencion\u00f3 que las citas de control del paciente sano se pueden realizar durante el regreso a clases, ya que la expedici\u00f3n de certificados m\u00e9dicos permite a las personas acercarse a los servicios de salud como una oportunidad para atender de manera integral a las y los pacientes.<br><\/p>\n\n\n\n<p>\u201cDesde la CMS ofrecemos este servicio a un costo preferencial, el cual incluye examen de visi\u00f3n, salud bucal y estado nutricional, lo que permite conocer la condici\u00f3n general de las y los pacientes. Con el certificado que se expide damos la certeza a las instituciones educativas de que su alumnado no padece enfermedades graves\u201d, afirm\u00f3.<br><\/p>\n\n\n\n<p>Guadarrama L\u00f3pez enfatiz\u00f3 que estas consultas de prevenci\u00f3n permiten a las infancias y adolescencias tener un desarrollo sano durante su crecimiento, adem\u00e1s de salvaguardar la salud de las y los menores para contar con un bienestar total en su cotidianidad.<\/p>\n","protected":false},"excerpt":{"rendered":"<p>La directora de la CMS, Ana Laura Guadarrama L\u00f3pez, explic\u00f3 que es necesario que asistan a visitas de control del paciente sano, para dar seguimiento al desarrollo de las y los ni\u00f1os y adolescentes. Con el objetivo de prevenir enfermedades de todo tipo en las infancias y las adolescencias, la Cl\u00ednica Multidisciplinaria de Salud (CMS) [&hellip;]<\/p>\n","protected":false},"author":1,"featured_media":58871,"comment_status":"closed","ping_status":"closed","sticky":false,"template":"","format":"standard","meta":{"footnotes":""},"categories":[36],"tags":[],"class_list":["post-58870","post","type-post","status-publish","format-standard","has-post-thumbnail","hentry","category-edomex"],"_links":{"self":[{"href":"https:\/\/elinformante.mx\/index.php?rest_route=\/wp\/v2\/posts\/58870","targetHints":{"allow":["GET"]}}],"collection":[{"href":"https:\/\/elinformante.mx\/index.php?rest_route=\/wp\/v2\/posts"}],"about":[{"href":"https:\/\/elinformante.mx\/index.php?rest_route=\/wp\/v2\/types\/post"}],"author":[{"embeddable":true,"href":"https:\/\/elinformante.mx\/index.php?rest_route=\/wp\/v2\/users\/1"}],"replies":[{"embeddable":true,"href":"https:\/\/elinformante.mx\/index.php?rest_route=%2Fwp%2Fv2%2Fcomments&post=58870"}],"version-history":[{"count":0,"href":"https:\/\/elinformante.mx\/index.php?rest_route=\/wp\/v2\/posts\/58870\/revisions"}],"wp:featuredmedia":[{"embeddable":true,"href":"https:\/\/elinformante.mx\/index.php?rest_route=\/wp\/v2\/media\/58871"}],"wp:attachment":[{"href":"https:\/\/elinformante.mx\/index.php?rest_route=%2Fwp%2Fv2%2Fmedia&parent=58870"}],"wp:term":[{"taxonomy":"category","embeddable":true,"href":"https:\/\/elinformante.mx\/index.php?rest_route=%2Fwp%2Fv2%2Fcategories&post=58870"},{"taxonomy":"post_tag","embeddable":true,"href":"https:\/\/elinformante.mx\/index.php?rest_route=%2Fwp%2Fv2%2Ftags&post=58870"}],"curies":[{"name":"wp","href":"https:\/\/api.w.org\/{rel}","templated":true}]}}