{"id":58884,"date":"2024-07-09T06:33:16","date_gmt":"2024-07-09T12:33:16","guid":{"rendered":"https:\/\/elinformante.mx\/?p=58884"},"modified":"2024-07-09T06:33:17","modified_gmt":"2024-07-09T12:33:17","slug":"firman-sedui-y-trijaem-convenio-que-mejorara-las-capacidades-de-los-servidores-publicos","status":"publish","type":"post","link":"https:\/\/elinformante.mx\/?p=58884","title":{"rendered":"Firman SEDUI y TRIJAEM convenio que mejorar\u00e1 las capacidades de los servidores p\u00fablicos"},"content":{"rendered":"\n<blockquote class=\"wp-block-quote is-layout-flow wp-block-quote-is-layout-flow\">\n<p>Con este convenio se sentar\u00e1n las bases para impulsar la mediaci\u00f3n y conciliaci\u00f3n para la resoluci\u00f3n de conflictos.<\/p>\n<\/blockquote>\n\n\n\n<p>Con el prop\u00f3sito de mejorar los procesos administrativos en materia de desarrollo urbano y obra p\u00fablica, el Gobierno del Estado de M\u00e9xico, a trav\u00e9s de la Secretar\u00eda de Desarrollo Urbano e Infraestructura (Sedui) firm\u00f3 un convenio de colaboraci\u00f3n con el Tribunal de Justicia Administrativa del Estado de M\u00e9xico (TRIJAEM).<br><\/p>\n\n\n\n<p>El convenio sentar\u00e1 las bases para colaborar en el desarrollo de acciones que impulsen la soluci\u00f3n de conflictos a trav\u00e9s de la mediaci\u00f3n y la conciliaci\u00f3n, manteniendo siempre abierto el canal de comunicaci\u00f3n entre ambas instituciones.<br><\/p>\n\n\n\n<p>El Secretario de Desarrollo Urbano e Infraestructura, Carlos Maza Lara record\u00f3 que, desde el primer d\u00eda de su administraci\u00f3n, la Gobernadora Delfina G\u00f3mez \u00c1lvarez propuso un gobierno basado en la justicia y la igualdad atendiendo a los grupos m\u00e1s vulnerables y apostando por mejorar la calidad de vida de la poblaci\u00f3n.<br><\/p>\n\n\n\n<p>Agreg\u00f3 que, con este convenio, los servidores p\u00fablicos de la Sedui recibir\u00e1n capacitaci\u00f3n para fortalecer sus habilidades y hacer mejor su trabajo sirviendo a las familias mexiquenses, por lo que reiter\u00f3, en equipo con el Tribunal se lograr\u00e1n proyectos acad\u00e9micos y colaborativos que se traducir\u00e1n en mejoras importantes para los mexiquenses.<br><\/p>\n\n\n\n<p>Por su parte, el Presidente del TRIJAEM, Gerardo Becker Ania destac\u00f3 que la coordinaci\u00f3n entre la Sedui y el Tribunal responde al Eje 1 cero corrupci\u00f3n y gobierno del pueblo y para el pueblo, del Plan de Desarrollo del Estado de M\u00e9xico 2023-2029, en el que se indica la importancia de capacitar a los servidores p\u00fablicos y en este caso se har\u00e1 en el Centro de Formaci\u00f3n y Profesionalizaci\u00f3n (CEPTRI).<\/p>\n","protected":false},"excerpt":{"rendered":"<p>Con este convenio se sentar\u00e1n las bases para impulsar la mediaci\u00f3n y conciliaci\u00f3n para la resoluci\u00f3n de conflictos. Con el prop\u00f3sito de mejorar los procesos administrativos en materia de desarrollo urbano y obra p\u00fablica, el Gobierno del Estado de M\u00e9xico, a trav\u00e9s de la Secretar\u00eda de Desarrollo Urbano e Infraestructura (Sedui) firm\u00f3 un convenio de [&hellip;]<\/p>\n","protected":false},"author":1,"featured_media":58885,"comment_status":"closed","ping_status":"closed","sticky":false,"template":"","format":"standard","meta":{"footnotes":""},"categories":[30,36,31],"tags":[],"class_list":["post-58884","post","type-post","status-publish","format-standard","has-post-thumbnail","hentry","category-destacado","category-edomex","category-portada"],"_links":{"self":[{"href":"https:\/\/elinformante.mx\/index.php?rest_route=\/wp\/v2\/posts\/58884","targetHints":{"allow":["GET"]}}],"collection":[{"href":"https:\/\/elinformante.mx\/index.php?rest_route=\/wp\/v2\/posts"}],"about":[{"href":"https:\/\/elinformante.mx\/index.php?rest_route=\/wp\/v2\/types\/post"}],"author":[{"embeddable":true,"href":"https:\/\/elinformante.mx\/index.php?rest_route=\/wp\/v2\/users\/1"}],"replies":[{"embeddable":true,"href":"https:\/\/elinformante.mx\/index.php?rest_route=%2Fwp%2Fv2%2Fcomments&post=58884"}],"version-history":[{"count":0,"href":"https:\/\/elinformante.mx\/index.php?rest_route=\/wp\/v2\/posts\/58884\/revisions"}],"wp:featuredmedia":[{"embeddable":true,"href":"https:\/\/elinformante.mx\/index.php?rest_route=\/wp\/v2\/media\/58885"}],"wp:attachment":[{"href":"https:\/\/elinformante.mx\/index.php?rest_route=%2Fwp%2Fv2%2Fmedia&parent=58884"}],"wp:term":[{"taxonomy":"category","embeddable":true,"href":"https:\/\/elinformante.mx\/index.php?rest_route=%2Fwp%2Fv2%2Fcategories&post=58884"},{"taxonomy":"post_tag","embeddable":true,"href":"https:\/\/elinformante.mx\/index.php?rest_route=%2Fwp%2Fv2%2Ftags&post=58884"}],"curies":[{"name":"wp","href":"https:\/\/api.w.org\/{rel}","templated":true}]}}