{"id":58905,"date":"2024-07-09T06:49:08","date_gmt":"2024-07-09T12:49:08","guid":{"rendered":"https:\/\/elinformante.mx\/?p=58905"},"modified":"2024-07-09T06:49:10","modified_gmt":"2024-07-09T12:49:10","slug":"aumenta-la-presion-para-checo-perez-tras-fin-de-semana-sin-sumar-puntos","status":"publish","type":"post","link":"https:\/\/elinformante.mx\/?p=58905","title":{"rendered":"Aumenta la presi\u00f3n para Checo P\u00e9rez tras fin de semana sin sumar puntos"},"content":{"rendered":"\n<blockquote class=\"wp-block-quote is-layout-flow wp-block-quote-is-layout-flow\">\n<p>El mexicano sum\u00f3 otro fin de semana sin sumar puntos, por lo cual la escuder\u00eda Red Bull se coloc\u00f3 por debajo de McLaren.<\/p>\n<\/blockquote>\n\n\n\n<p>Sergio P\u00e9rez est\u00e1 bajo m\u00e1s presi\u00f3n que nunca en el campe\u00f3n de F\u00f3rmula Uno, Red Bull, despu\u00e9s de que el mexicano no sumara puntos por tercer fin de semana en cinco carreras.<br><\/p>\n\n\n\n<p>P\u00e9rez, subcampe\u00f3n el a\u00f1o pasado por detr\u00e1s de su compa\u00f1ero Max Verstappen, s\u00f3lo ha sumado 15 puntos en sus \u00faltimas seis carreras y ha ca\u00eddo a la sexta posici\u00f3n del Campeonato de Pilotos esta temporada.<br><\/p>\n\n\n\n<p>\u201cPor supuesto que est\u00e1 bajo presi\u00f3n. Eso es normal en la F1 y cuando est\u00e1s rindiendo por debajo de lo esperado esa presi\u00f3n aumenta\u201d, dijo el jefe del equipo Christian Horner despu\u00e9s de que P\u00e9rez saliera desde el pitlane en el Gran Premio de Gran Breta\u00f1a del domingo y terminara en el puesto 17.<br><\/p>\n\n\n\n<p>El tricampe\u00f3n del mundo Verstappen, ganador de siete carreras este a\u00f1o y ahora con 84 puntos de ventaja sobre Lando Norris de McLaren, fue segundo.<br><\/p>\n\n\n\n<p>La mala actuaci\u00f3n de P\u00e9rez signific\u00f3 que McLaren super\u00f3 a Red Bull por quinta vez en seis carreras, un ritmo que podr\u00eda llevar a ese equipo a la lucha por el t\u00edtulo.<br><\/p>\n\n\n\n<p>El jefe de McLaren, Zak Brown, dijo d\u00edas atr\u00e1s que el bajo rendimiento de P\u00e9rez podr\u00eda ser un factor clave en el Campeonato de Constructores.<br><\/p>\n\n\n\n<p>Horner dijo que nada le hab\u00eda salido bien al mexicano en Silverstone, empezando por su trompo en la grava en la calificaci\u00f3n.<br><\/p>\n\n\n\n<p>Tenemos que sumar puntos con ese coche y \u00e9l lo sabe. Conoce su papel y su objetivo. Nadie tiene m\u00e1s ganas que \u201cCheco\u201d de recuperar su mejor versi\u00f3n, agreg\u00f3.<br><\/p>\n\n\n\n<p>Red Bull ampli\u00f3 el contrato de P\u00e9rez en junio, un movimiento que ahora parece prematuro aunque las cl\u00e1usulas de rendimiento tambi\u00e9n podr\u00edan activarse.<br><\/p>\n\n\n\n<p>\u201cPor supuesto, hay frustraci\u00f3n cuando tus dos coches no est\u00e1n rindiendo (\u2026) Algunos pilotos necesitan un brazo alrededor del hombro y otros necesitan una patada en el culo y a veces var\u00eda de una semana a otra\u201d, a\u00f1adi\u00f3.<\/p>\n","protected":false},"excerpt":{"rendered":"<p>El mexicano sum\u00f3 otro fin de semana sin sumar puntos, por lo cual la escuder\u00eda Red Bull se coloc\u00f3 por debajo de McLaren. Sergio P\u00e9rez est\u00e1 bajo m\u00e1s presi\u00f3n que nunca en el campe\u00f3n de F\u00f3rmula Uno, Red Bull, despu\u00e9s de que el mexicano no sumara puntos por tercer fin de semana en cinco carreras. [&hellip;]<\/p>\n","protected":false},"author":1,"featured_media":58906,"comment_status":"closed","ping_status":"closed","sticky":false,"template":"","format":"standard","meta":{"footnotes":""},"categories":[38,30],"tags":[],"class_list":["post-58905","post","type-post","status-publish","format-standard","has-post-thumbnail","hentry","category-deportes","category-destacado"],"_links":{"self":[{"href":"https:\/\/elinformante.mx\/index.php?rest_route=\/wp\/v2\/posts\/58905","targetHints":{"allow":["GET"]}}],"collection":[{"href":"https:\/\/elinformante.mx\/index.php?rest_route=\/wp\/v2\/posts"}],"about":[{"href":"https:\/\/elinformante.mx\/index.php?rest_route=\/wp\/v2\/types\/post"}],"author":[{"embeddable":true,"href":"https:\/\/elinformante.mx\/index.php?rest_route=\/wp\/v2\/users\/1"}],"replies":[{"embeddable":true,"href":"https:\/\/elinformante.mx\/index.php?rest_route=%2Fwp%2Fv2%2Fcomments&post=58905"}],"version-history":[{"count":0,"href":"https:\/\/elinformante.mx\/index.php?rest_route=\/wp\/v2\/posts\/58905\/revisions"}],"wp:featuredmedia":[{"embeddable":true,"href":"https:\/\/elinformante.mx\/index.php?rest_route=\/wp\/v2\/media\/58906"}],"wp:attachment":[{"href":"https:\/\/elinformante.mx\/index.php?rest_route=%2Fwp%2Fv2%2Fmedia&parent=58905"}],"wp:term":[{"taxonomy":"category","embeddable":true,"href":"https:\/\/elinformante.mx\/index.php?rest_route=%2Fwp%2Fv2%2Fcategories&post=58905"},{"taxonomy":"post_tag","embeddable":true,"href":"https:\/\/elinformante.mx\/index.php?rest_route=%2Fwp%2Fv2%2Ftags&post=58905"}],"curies":[{"name":"wp","href":"https:\/\/api.w.org\/{rel}","templated":true}]}}