{"id":58911,"date":"2024-07-09T06:58:08","date_gmt":"2024-07-09T12:58:08","guid":{"rendered":"https:\/\/elinformante.mx\/?p=58911"},"modified":"2024-07-09T06:58:09","modified_gmt":"2024-07-09T12:58:09","slug":"son-detenidos-tres-sujetos-por-robo-con-violencia-y-portacion-de-armas","status":"publish","type":"post","link":"https:\/\/elinformante.mx\/?p=58911","title":{"rendered":"Son detenidos tres sujetos por robo con violencia y portaci\u00f3n de armas"},"content":{"rendered":"\n<blockquote class=\"wp-block-quote is-layout-flow wp-block-quote-is-layout-flow\">\n<p>Polic\u00edas localizaron dos armas prohibidas, asegurando una motocicleta con reporte de robo vigente.<\/p>\n<\/blockquote>\n\n\n\n<p>Elementos de la Secretar\u00eda de Seguridad del Estado de M\u00e9xico (SSEM) en coordinaci\u00f3n con la Polic\u00eda Municipal detuvieron a tres personas probablemente involucradas en los delitos de encubrimiento por receptaci\u00f3n, robo con violencia y portaci\u00f3n de arma prohibida.<br><\/p>\n\n\n\n<p>Efectivos de ambas corporaciones circulaban sobre la avenida Jos\u00e9 Mar\u00eda Morelos esquina con avenida Independencia, en la colonia La Magdalena Atlicpac, cuando una mujer solicit\u00f3 su auxilio luego de mencionar que minutos antes, tres personas a bordo de una motocicleta la hab\u00edan despojado de sus pertenencias.<br><\/p>\n\n\n\n<p>De forma inmediata, los oficiales realizaron la b\u00fasqueda de los probables responsables, la cual culmin\u00f3 metros adelante donde mediante comandos verbales solicitaron a los sospechosos detener la marcha para realizarles una revisi\u00f3n apegada al protocolo de actuaci\u00f3n.<br><\/p>\n\n\n\n<p>Durante la inspecci\u00f3n, los uniformados localizaron al interior de la unidad de la marca Italika, tipo DM150, color negro, dos armas prohibidas, la primera tipo escuadra de color negro y la segunda tipo rev\u00f3lver, color negro, adem\u00e1s de confirmar con el Centro de Monitoreo estatal que la unidad contaba con reporte de robo vigente.<br><\/p>\n\n\n\n<p>Por lo cual, despu\u00e9s de leerles los derechos que la ley confiere, los polic\u00edas trasladaron a Cristian \u201cN\u201d, H\u00e9ctor \u201cN\u201d y Andrea \u201cN\u201d de 26, 22 y 25 a\u00f1os, respectivamente, junto con la motocicleta y las armas a la Agencia del Ministerio P\u00fablico correspondiente, donde se determinar\u00e1 su situaci\u00f3n jur\u00eddica.<\/p>\n","protected":false},"excerpt":{"rendered":"<p>Polic\u00edas localizaron dos armas prohibidas, asegurando una motocicleta con reporte de robo vigente. Elementos de la Secretar\u00eda de Seguridad del Estado de M\u00e9xico (SSEM) en coordinaci\u00f3n con la Polic\u00eda Municipal detuvieron a tres personas probablemente involucradas en los delitos de encubrimiento por receptaci\u00f3n, robo con violencia y portaci\u00f3n de arma prohibida. Efectivos de ambas corporaciones [&hellip;]<\/p>\n","protected":false},"author":1,"featured_media":58912,"comment_status":"closed","ping_status":"closed","sticky":false,"template":"","format":"standard","meta":{"footnotes":""},"categories":[36,37],"tags":[],"class_list":["post-58911","post","type-post","status-publish","format-standard","has-post-thumbnail","hentry","category-edomex","category-justicia"],"_links":{"self":[{"href":"https:\/\/elinformante.mx\/index.php?rest_route=\/wp\/v2\/posts\/58911","targetHints":{"allow":["GET"]}}],"collection":[{"href":"https:\/\/elinformante.mx\/index.php?rest_route=\/wp\/v2\/posts"}],"about":[{"href":"https:\/\/elinformante.mx\/index.php?rest_route=\/wp\/v2\/types\/post"}],"author":[{"embeddable":true,"href":"https:\/\/elinformante.mx\/index.php?rest_route=\/wp\/v2\/users\/1"}],"replies":[{"embeddable":true,"href":"https:\/\/elinformante.mx\/index.php?rest_route=%2Fwp%2Fv2%2Fcomments&post=58911"}],"version-history":[{"count":0,"href":"https:\/\/elinformante.mx\/index.php?rest_route=\/wp\/v2\/posts\/58911\/revisions"}],"wp:featuredmedia":[{"embeddable":true,"href":"https:\/\/elinformante.mx\/index.php?rest_route=\/wp\/v2\/media\/58912"}],"wp:attachment":[{"href":"https:\/\/elinformante.mx\/index.php?rest_route=%2Fwp%2Fv2%2Fmedia&parent=58911"}],"wp:term":[{"taxonomy":"category","embeddable":true,"href":"https:\/\/elinformante.mx\/index.php?rest_route=%2Fwp%2Fv2%2Fcategories&post=58911"},{"taxonomy":"post_tag","embeddable":true,"href":"https:\/\/elinformante.mx\/index.php?rest_route=%2Fwp%2Fv2%2Ftags&post=58911"}],"curies":[{"name":"wp","href":"https:\/\/api.w.org\/{rel}","templated":true}]}}