{"id":58914,"date":"2024-07-09T07:00:32","date_gmt":"2024-07-09T13:00:32","guid":{"rendered":"https:\/\/elinformante.mx\/?p=58914"},"modified":"2024-07-09T07:00:34","modified_gmt":"2024-07-09T13:00:34","slug":"ssem-y-sedena-detienen-a-integrantes-de-una-celula-delictiva","status":"publish","type":"post","link":"https:\/\/elinformante.mx\/?p=58914","title":{"rendered":"SSEM y SEDENA detienen a integrantes de una c\u00e9lula delictiva"},"content":{"rendered":"\n<blockquote class=\"wp-block-quote is-layout-flow wp-block-quote-is-layout-flow\">\n<p>En el despliegue se cont\u00f3 con 54 elementos de la SSEM, integrantes de la SEDENA y adem\u00e1s de un veh\u00edculo t\u00e1ctico blindado.<\/p>\n<\/blockquote>\n\n\n\n<p>Como aplicaci\u00f3n de una nueva estrategia de seguridad en la entidad y de la coordinaci\u00f3n entre la Secretar\u00eda de Seguridad del Estado de M\u00e9xico (SSEM) y a la Secretar\u00eda de la Defensa Nacional (SEDENA) se logr\u00f3 detener a cinco posibles integrantes de una c\u00e9lula delictiva con or\u00edgenes en el estado de Jalisco.<br><\/p>\n\n\n\n<p>El operativo cont\u00f3 con el apoyo de m\u00e1s de 50 elementos y unidades oficiales, as\u00ed como un veh\u00edculo t\u00e1ctico blindado de la SSEM, en coordinaci\u00f3n con personal de la SEDENA.<br><\/p>\n\n\n\n<p>Se d\u00edo una alerta sobre un contingente de personas que solicitaban la liberaci\u00f3n de individuos que fueron detenidos por el delito de portaci\u00f3n y acopio de armas de fuego, accionando el operativo.<br><\/p>\n\n\n\n<p>Fue sobre la carretera El Oro-Tlalpujahua, a la altura del paraje conocido como \u201cEl Ator\u00f3n\u201d, donde se detuvo una camioneta Jeep Patriot, color blanco, y en donde se realiz\u00f3 la detenci\u00f3n de Ernesto \u201cN\u201d, Mario \u201cN\u201d, Josu\u00e9 \u201cN\u201d, Miguel \u201cN\u201d y Gustavo \u201cN\u201d, mismos que al parecer pretend\u00edan secuestrar a una persona dedicada a la venta de pollo.<br><\/p>\n\n\n\n<p>Tras realizar la revisi\u00f3n del interior del veh\u00edculo, las fuerzas de seguridad encontraron cuatro armas largas calibre 7.62 mil\u00edmetros, un arma corta tipo escuadra, de la marca Volt, calibre 38 super autom\u00e1tica y cartuchos \u00fatiles.<br><\/p>\n\n\n\n<p>En investigaciones preliminares se inform\u00f3 que los detenidos podr\u00edan pertenecer a una c\u00e9lula delictiva con or\u00edgenes en el estado de Jalisco, que opera en municipios de la regi\u00f3n norte de la entidad mexiquense y se dedican a extorsiones, secuestros y narcomenudeo en esta zona, por lo que las investigaciones se extender\u00e1n.<\/p>\n","protected":false},"excerpt":{"rendered":"<p>En el despliegue se cont\u00f3 con 54 elementos de la SSEM, integrantes de la SEDENA y adem\u00e1s de un veh\u00edculo t\u00e1ctico blindado. Como aplicaci\u00f3n de una nueva estrategia de seguridad en la entidad y de la coordinaci\u00f3n entre la Secretar\u00eda de Seguridad del Estado de M\u00e9xico (SSEM) y a la Secretar\u00eda de la Defensa Nacional [&hellip;]<\/p>\n","protected":false},"author":1,"featured_media":58915,"comment_status":"closed","ping_status":"closed","sticky":false,"template":"","format":"standard","meta":{"footnotes":""},"categories":[30,36,37],"tags":[],"class_list":["post-58914","post","type-post","status-publish","format-standard","has-post-thumbnail","hentry","category-destacado","category-edomex","category-justicia"],"_links":{"self":[{"href":"https:\/\/elinformante.mx\/index.php?rest_route=\/wp\/v2\/posts\/58914","targetHints":{"allow":["GET"]}}],"collection":[{"href":"https:\/\/elinformante.mx\/index.php?rest_route=\/wp\/v2\/posts"}],"about":[{"href":"https:\/\/elinformante.mx\/index.php?rest_route=\/wp\/v2\/types\/post"}],"author":[{"embeddable":true,"href":"https:\/\/elinformante.mx\/index.php?rest_route=\/wp\/v2\/users\/1"}],"replies":[{"embeddable":true,"href":"https:\/\/elinformante.mx\/index.php?rest_route=%2Fwp%2Fv2%2Fcomments&post=58914"}],"version-history":[{"count":0,"href":"https:\/\/elinformante.mx\/index.php?rest_route=\/wp\/v2\/posts\/58914\/revisions"}],"wp:featuredmedia":[{"embeddable":true,"href":"https:\/\/elinformante.mx\/index.php?rest_route=\/wp\/v2\/media\/58915"}],"wp:attachment":[{"href":"https:\/\/elinformante.mx\/index.php?rest_route=%2Fwp%2Fv2%2Fmedia&parent=58914"}],"wp:term":[{"taxonomy":"category","embeddable":true,"href":"https:\/\/elinformante.mx\/index.php?rest_route=%2Fwp%2Fv2%2Fcategories&post=58914"},{"taxonomy":"post_tag","embeddable":true,"href":"https:\/\/elinformante.mx\/index.php?rest_route=%2Fwp%2Fv2%2Ftags&post=58914"}],"curies":[{"name":"wp","href":"https:\/\/api.w.org\/{rel}","templated":true}]}}