{"id":58921,"date":"2024-07-09T07:08:25","date_gmt":"2024-07-09T13:08:25","guid":{"rendered":"https:\/\/elinformante.mx\/?p=58921"},"modified":"2024-07-09T07:08:26","modified_gmt":"2024-07-09T13:08:26","slug":"celebraran-en-alvaro-obregon-la-167a-edicion-de-la-feria-de-las-flores","status":"publish","type":"post","link":"https:\/\/elinformante.mx\/?p=58921","title":{"rendered":"Celebrar\u00e1n en \u00c1lvaro Obreg\u00f3n la 167\u00aa edici\u00f3n de la Feria de las Flores"},"content":{"rendered":"\n<blockquote class=\"wp-block-quote is-layout-flow wp-block-quote-is-layout-flow\">\n<p>Ser\u00e1 a partir del 13 de julio que la alcald\u00eda espera recibir a m\u00e1s de 60 mil asistentes.<\/p>\n<\/blockquote>\n\n\n\n<p>La alcaldesa detall\u00f3 que este a\u00f1o invertir\u00e1n 9.6 millones de pesos para la organizaci\u00f3n de esta feria, que es considerada la m\u00e1s antigua de la Ciudad de M\u00e9xico este 13 de julio arranca la 167.\u00aa edici\u00f3n de la Feria de Las Flores en la alcald\u00eda \u00c1lvaro Obreg\u00f3n, en donde se espera una asistencia de m\u00e1s de 60 mil personas y una derrama econ\u00f3mica superior a los 4 millones de pesos.<br><\/p>\n\n\n\n<p>Al respecto, la alcaldesa Lia Lim\u00f3n detall\u00f3 que este a\u00f1o invertir\u00e1n 9.6 millones de pesos para la organizaci\u00f3n de esta feria, que es considerada la m\u00e1s antigua de la Ciudad de M\u00e9xico.<br><\/p>\n\n\n\n<p>Durante el evento se podr\u00e1 disfrutar de diversas actividades como el Desfile de Rebozos y el Concurso de Balcones; adem\u00e1s de los conciertos gratuitos de Elefante, La Sonora Dinamita, Grupo Mojado, Bobby Pulido, y el show del comediante Ojitos de Huevo.<br><\/p>\n\n\n\n<p>M\u00e1s de 112 floricultores de varias alcald\u00edas participar\u00e1n, los asistentes tambi\u00e9n podr\u00e1n disfrutar y adquirir m\u00e1s de 37 productos elaborados a base de plantas como el helado de Dalia.<br><\/p>\n\n\n\n<p>El escenario principal de esta Feria de las Flores ser\u00e1 el Parque de La Bombilla, aunque tambi\u00e9n habr\u00e1 actividades en La Plaza de San Jacinto, en el Centro Cultural San \u00c1ngel, en el Museo del Carmen, en el Centro Cultural Isidro Favela, Casa del Risco, Parroquia de San Jacinto y en el Museo Soumaya.<br><\/p>\n\n\n\n<p>Desde la edici\u00f3n anterior esta feria forma parte del Patrimonio Cultural de la CDMX, la Organizaci\u00f3n Mundial de Ciudades y Gobiernos Locales Unidos la reconoci\u00f3 como una buena pr\u00e1ctica internacional cultural; por lo c\u00faal se debe cuidar el dise\u00f1o y las actividades que se realizaran en el marco de la feria; as\u00ed lo d\u00edo a conocer Lim\u00f3n Garc\u00eda.<br><\/p>\n\n\n\n<p>Martha Villase\u00f1or, presidenta del Patronato de la Feria de Las Flores, record\u00f3 que esta Feria est\u00e1 dedicada a La Virgen del Carmen, y coment\u00f3 que esta festividad conjuga lo religioso y las festividades del Pueblo Originario de Tenanitla, Qu\u00e9 posteriormente se llam\u00f3 San \u00c1ngel.<br><\/p>\n\n\n\n<p>Guadalupe Trevi\u00f1o, presidenta de la Asociaci\u00f3n Mexicana de la Dalia, apunt\u00f3 que habr\u00e1 talleres de cultivo y aprovechamiento de esta flor.<br><\/p>\n\n\n\n<p>La Feria de las Flores se realizar\u00e1 del 13 al 21 de julio. Todas las actividades y horarios pueden ser consultados en la p\u00e1gina oficial de la alcald\u00eda y en redes sociales.<\/p>\n","protected":false},"excerpt":{"rendered":"<p>Ser\u00e1 a partir del 13 de julio que la alcald\u00eda espera recibir a m\u00e1s de 60 mil asistentes. La alcaldesa detall\u00f3 que este a\u00f1o invertir\u00e1n 9.6 millones de pesos para la organizaci\u00f3n de esta feria, que es considerada la m\u00e1s antigua de la Ciudad de M\u00e9xico este 13 de julio arranca la 167.\u00aa edici\u00f3n de [&hellip;]<\/p>\n","protected":false},"author":1,"featured_media":58923,"comment_status":"closed","ping_status":"closed","sticky":false,"template":"","format":"standard","meta":{"footnotes":""},"categories":[35,30],"tags":[],"class_list":["post-58921","post","type-post","status-publish","format-standard","has-post-thumbnail","hentry","category-cdmx","category-destacado"],"_links":{"self":[{"href":"https:\/\/elinformante.mx\/index.php?rest_route=\/wp\/v2\/posts\/58921","targetHints":{"allow":["GET"]}}],"collection":[{"href":"https:\/\/elinformante.mx\/index.php?rest_route=\/wp\/v2\/posts"}],"about":[{"href":"https:\/\/elinformante.mx\/index.php?rest_route=\/wp\/v2\/types\/post"}],"author":[{"embeddable":true,"href":"https:\/\/elinformante.mx\/index.php?rest_route=\/wp\/v2\/users\/1"}],"replies":[{"embeddable":true,"href":"https:\/\/elinformante.mx\/index.php?rest_route=%2Fwp%2Fv2%2Fcomments&post=58921"}],"version-history":[{"count":0,"href":"https:\/\/elinformante.mx\/index.php?rest_route=\/wp\/v2\/posts\/58921\/revisions"}],"wp:featuredmedia":[{"embeddable":true,"href":"https:\/\/elinformante.mx\/index.php?rest_route=\/wp\/v2\/media\/58923"}],"wp:attachment":[{"href":"https:\/\/elinformante.mx\/index.php?rest_route=%2Fwp%2Fv2%2Fmedia&parent=58921"}],"wp:term":[{"taxonomy":"category","embeddable":true,"href":"https:\/\/elinformante.mx\/index.php?rest_route=%2Fwp%2Fv2%2Fcategories&post=58921"},{"taxonomy":"post_tag","embeddable":true,"href":"https:\/\/elinformante.mx\/index.php?rest_route=%2Fwp%2Fv2%2Ftags&post=58921"}],"curies":[{"name":"wp","href":"https:\/\/api.w.org\/{rel}","templated":true}]}}