{"id":58925,"date":"2024-07-09T07:15:39","date_gmt":"2024-07-09T13:15:39","guid":{"rendered":"https:\/\/elinformante.mx\/?p=58925"},"modified":"2024-07-09T07:15:40","modified_gmt":"2024-07-09T13:15:40","slug":"dan-a-conocer-las-nuevas-tarifas-en-el-transporte-publico-en-cdmx","status":"publish","type":"post","link":"https:\/\/elinformante.mx\/?p=58925","title":{"rendered":"Dan a conocer las nuevas tarifas en el transporte p\u00fablico en CDMX"},"content":{"rendered":"\n<blockquote class=\"wp-block-quote is-layout-flow wp-block-quote-is-layout-flow\">\n<p>El incremento se dio en estos primeros d\u00edas de julio, afectando a miles de usuarios.<\/p>\n<\/blockquote>\n\n\n\n<p>La Ciudad de M\u00e9xico tiene una amplia oferta en movilidad, que contempla al menos nueve servicios de transporte, muchos de ellos accesibles a trav\u00e9s de la Tarjeta de Movilidad Integrada.<br><\/p>\n\n\n\n<p>Cuenta con transportes que van desde la Ecobici hasta el Metro. El transporte p\u00fablico en la Ciudad de M\u00e9xico es una de las principales formas de movilidad para millones de personas que residen en la zona metropolitana de la Ciudad de M\u00e9xico.<br><\/p>\n\n\n\n<p>Sin embargo, recientemente se ha anunciado un aumento en la tarifa de autobuses que afectar\u00e1 a miles de usuarios a partir del mes de julio. El motivo del incremento se debe a diversos factores, entre los que se encuentran el precio de los combustibles, el mantenimiento de las unidades y los costos operativos de las empresas de transporte.<br><\/p>\n\n\n\n<p>Las autoridades explicaron que el aumento en el precio de transporte p\u00fablico en la Ciudad de M\u00e9xico permitir\u00e1 mejorar el servicio que redunda en beneficios para todos los usuarios. Vale se\u00f1alar que se ha venido trabajando en las mejores, desde hace tiempo. Ello se refleja en la sustituci\u00f3n de microbuses por autobuses y la instalaci\u00f3n de tecnolog\u00eda en las unidades, como c\u00e1maras, botones de p\u00e1nico y dispositivos GPS. La Secretar\u00eda de Gobierno ha dado a conocer recientemente cu\u00e1les son las tarifas aprobadas para cada uno de los sistemas de transporte, desde el mismo Metro y hasta los taxis.<br><\/p>\n\n\n\n<h2 class=\"wp-block-heading\">Estas son las tarifas del transporte en la CDMX:<\/h2>\n\n\n\n<h2 class=\"wp-block-heading\">Metrob\u00fas:<\/h2>\n\n\n\n<ul class=\"wp-block-list\">\n<li>-Tarifa general: $6.00<\/li>\n\n\n\n<li>Servicio al Aeropuerto: $30.00<\/li>\n<\/ul>\n\n\n\n<h2 class=\"wp-block-heading\">Servicio de transportes el\u00e9ctricos:<\/h2>\n\n\n\n<ul class=\"wp-block-list\">\n<li>-Troleb\u00fas: $4.00<\/li>\n\n\n\n<li>-Tren Ligero: $3.00<\/li>\n\n\n\n<li>-Troleb\u00fas CU-Perif\u00e9rico: $4.00<\/li>\n\n\n\n<li>-Troleb\u00fas Elevado: $7.00<\/li>\n\n\n\n<li>-Avenida Azteca: $7.00<\/li>\n\n\n\n<li>-NocheB\u00fas: $7.00<\/li>\n<\/ul>\n\n\n\n<h2 class=\"wp-block-heading\">Sistema de Transporte Colectivo Metro:<\/h2>\n\n\n\n<ul class=\"wp-block-list\">\n<li>-Tarifa general: $5.00<\/li>\n\n\n\n<li>Corredores y zonales:<\/li>\n\n\n\n<li>-Servicio Ordinario: $7.50<\/li>\n\n\n\n<li>-Servicio Ejecutivo: $8.00<\/li>\n\n\n\n<li>Red de Transporte de Pasajeros:<\/li>\n\n\n\n<li>-Servicio ordinario: $2.00<\/li>\n\n\n\n<li>-Servicio Expreso: $4.00<\/li>\n\n\n\n<li>-Ecob\u00fas: $5.00<\/li>\n\n\n\n<li>-NocheB\u00fas: $7.00<\/li>\n<\/ul>\n\n\n\n<h2 class=\"wp-block-heading\">Ecobici:<\/h2>\n\n\n\n<ul class=\"wp-block-list\">\n<li>-Anual: $545.00<\/li>\n\n\n\n<li>-Temporal de 7 d\u00edas: $409.00<\/li>\n\n\n\n<li>-Temporal de 3 d\u00edas: $245.00<\/li>\n\n\n\n<li>-Temporal de 1 d\u00eda: $123.00<\/li>\n<\/ul>\n\n\n\n<h2 class=\"wp-block-heading\">Cableb\u00fas:<\/h2>\n\n\n\n<ul class=\"wp-block-list\">\n<li>-Tarifa general: $7.00<\/li>\n\n\n\n<li>Rutas de microbuses y autobuses:<\/li>\n\n\n\n<li>-Microbuses y vagonetas (primeros 5 km): $6.00<\/li>\n\n\n\n<li>-Microbuses y vagonetas (de 5 a 12 km): $6.50<\/li>\n\n\n\n<li>-Autobuses (primeros 5 km): $7.00<\/li>\n\n\n\n<li>-Autobuses (m\u00e1s de 5 km): $8.00<\/li>\n<\/ul>\n\n\n\n<h2 class=\"wp-block-heading\">Taxi:<\/h2>\n\n\n\n<ul class=\"wp-block-list\">\n<li>-Taxi libre (banderazo): $8.74<\/li>\n\n\n\n<li>-Cada 250 metros o cada 45 segundos: $1.07<\/li>\n\n\n\n<li>-Taxi de sitio (banderazo): $13.10<\/li>\n\n\n\n<li>-Cada 250 metros: $1.30<\/li>\n\n\n\n<li>-Radio Taxi (banderazo): $27.30<\/li>\n\n\n\n<li>-Cada 250 metros o cada 45 segundos: $1.84<\/li>\n<\/ul>\n","protected":false},"excerpt":{"rendered":"<p>El incremento se dio en estos primeros d\u00edas de julio, afectando a miles de usuarios. La Ciudad de M\u00e9xico tiene una amplia oferta en movilidad, que contempla al menos nueve servicios de transporte, muchos de ellos accesibles a trav\u00e9s de la Tarjeta de Movilidad Integrada. Cuenta con transportes que van desde la Ecobici hasta el [&hellip;]<\/p>\n","protected":false},"author":1,"featured_media":58926,"comment_status":"closed","ping_status":"closed","sticky":false,"template":"","format":"standard","meta":{"footnotes":""},"categories":[35],"tags":[],"class_list":["post-58925","post","type-post","status-publish","format-standard","has-post-thumbnail","hentry","category-cdmx"],"_links":{"self":[{"href":"https:\/\/elinformante.mx\/index.php?rest_route=\/wp\/v2\/posts\/58925","targetHints":{"allow":["GET"]}}],"collection":[{"href":"https:\/\/elinformante.mx\/index.php?rest_route=\/wp\/v2\/posts"}],"about":[{"href":"https:\/\/elinformante.mx\/index.php?rest_route=\/wp\/v2\/types\/post"}],"author":[{"embeddable":true,"href":"https:\/\/elinformante.mx\/index.php?rest_route=\/wp\/v2\/users\/1"}],"replies":[{"embeddable":true,"href":"https:\/\/elinformante.mx\/index.php?rest_route=%2Fwp%2Fv2%2Fcomments&post=58925"}],"version-history":[{"count":0,"href":"https:\/\/elinformante.mx\/index.php?rest_route=\/wp\/v2\/posts\/58925\/revisions"}],"wp:featuredmedia":[{"embeddable":true,"href":"https:\/\/elinformante.mx\/index.php?rest_route=\/wp\/v2\/media\/58926"}],"wp:attachment":[{"href":"https:\/\/elinformante.mx\/index.php?rest_route=%2Fwp%2Fv2%2Fmedia&parent=58925"}],"wp:term":[{"taxonomy":"category","embeddable":true,"href":"https:\/\/elinformante.mx\/index.php?rest_route=%2Fwp%2Fv2%2Fcategories&post=58925"},{"taxonomy":"post_tag","embeddable":true,"href":"https:\/\/elinformante.mx\/index.php?rest_route=%2Fwp%2Fv2%2Ftags&post=58925"}],"curies":[{"name":"wp","href":"https:\/\/api.w.org\/{rel}","templated":true}]}}