{"id":58928,"date":"2024-07-09T07:17:49","date_gmt":"2024-07-09T13:17:49","guid":{"rendered":"https:\/\/elinformante.mx\/?p=58928"},"modified":"2024-07-09T07:17:50","modified_gmt":"2024-07-09T13:17:50","slug":"mejorar-y-preservar-unidades-habitacionales-es-un-derecho-constitucional-marti-batres","status":"publish","type":"post","link":"https:\/\/elinformante.mx\/?p=58928","title":{"rendered":"Mejorar y preservar unidades habitacionales es un derecho constitucional: Mart\u00ed Batres"},"content":{"rendered":"\n<blockquote class=\"wp-block-quote is-layout-flow wp-block-quote-is-layout-flow\">\n<p>El jefe de Gobierno de la CDMX recalc\u00f3 que a partir de la reforma, ahora tambi\u00e9n se deber\u00e1n destinar recursos para el mantenimiento de las viviendas.<\/p>\n<\/blockquote>\n\n\n\n<p>El jefe de gobierno, Mart\u00ed Batres, present\u00f3 en la gaceta oficial capitalina la reforma a la Constituci\u00f3n Pol\u00edtica de la Ciudad de M\u00e9xico en materia de derecho a la vivienda y preservaci\u00f3n de las unidades habitacionales, as\u00ed que de acuerdo al numeral 5 al apartado E del art\u00edculo 9 de la Constituci\u00f3n local de manera obligatoria se deber\u00e1n destinar recursos, para fortalecer el mejoramiento y mantenimiento de las unidades habitacionales, priorizando las de inter\u00e9s social.<br><\/p>\n\n\n\n<p>As\u00ed lo dio a conocer durante un evento en la Unidad Habitacional El Rosario, en Azcapotzalco, donde dejo en claro que esto ya no es un programa, es un derecho y no est\u00e1 en una ley secundaria sino en la fundamental que es la Constituci\u00f3n capitalina, por lo que dijo si quieren los neoliberales eliminarlo deber\u00e1n contar con las dos terceras partes del \u00f3rgano legislativo, lo cual est\u00e1 dif\u00edcil.<br><\/p>\n\n\n\n<p>\u201cEsto no elimina derechos y obligaciones de los cond\u00f3minos que se tienen que seguir organizando y haciendo sus administraciones y todo, pero s\u00ed es un gran apoyo y un respaldo para las unidades habitacionales\u201d, destac\u00f3.<br><\/p>\n\n\n\n<p>La titular de la Procuradur\u00eda Social, Claudia Ivonne Galaviz S\u00e1nchez, expres\u00f3 que la asignaci\u00f3n de recursos en cada ejercicio presupuestal ser\u00e1 determinada de conformidad con las reglas de operaci\u00f3n que se emitan.<br><\/p>\n\n\n\n<figure class=\"wp-block-image size-large\"><img fetchpriority=\"high\" decoding=\"async\" width=\"1024\" height=\"503\" src=\"https:\/\/elinformante.mx\/wp-content\/uploads\/2024\/07\/5batres-2-5-1024x503.jpg\" alt=\"\" class=\"wp-image-58931\" srcset=\"https:\/\/elinformante.mx\/wp-content\/uploads\/2024\/07\/5batres-2-5-1024x503.jpg 1024w, https:\/\/elinformante.mx\/wp-content\/uploads\/2024\/07\/5batres-2-5-300x147.jpg 300w, https:\/\/elinformante.mx\/wp-content\/uploads\/2024\/07\/5batres-2-5-768x377.jpg 768w, https:\/\/elinformante.mx\/wp-content\/uploads\/2024\/07\/5batres-2-5-580x285.jpg 580w, https:\/\/elinformante.mx\/wp-content\/uploads\/2024\/07\/5batres-2-5-860x422.jpg 860w, https:\/\/elinformante.mx\/wp-content\/uploads\/2024\/07\/5batres-2-5.jpg 1140w\" sizes=\"(max-width: 1024px) 100vw, 1024px\" \/><\/figure>\n\n\n\n<p>Precis\u00f3 que el presupuesto ser\u00e1 progresivo, es decir, ir\u00e1 en aumento a\u00f1o con a\u00f1o; actualmente el presupuesto para mejoramiento de unidades habitacionales es de 290 millones de pesos y ya no podr\u00e1 bajar de ese monto.<br><\/p>\n\n\n\n<p>M\u00e1s de 4.5 millones de personas viven bajo el r\u00e9gimen de propiedad en condominio en m\u00e1s de 11 mil conjuntos habitacionales, y de estos \u00faltimos m\u00e1s del 80 por ciento son viviendas de inter\u00e9s social.<br><\/p>\n\n\n\n<p>Record\u00f3 que fue el presidente Andr\u00e9s Manuel L\u00f3pez Obrador, cuando se desempe\u00f1\u00f3 como jefe de gobierno, quien por primera vez volte\u00f3 a ver a los conjuntos habitacionales y dota de recurso p\u00fablico a la Procuradur\u00eda Social para ayudar a las necesidades de la gente.<br><\/p>\n\n\n\n<p>La presidenta de la Junta de Coordinaci\u00f3n Pol\u00edtica del Congreso de la Ciudad de M\u00e9xico, Martha \u00c1vila que con esta acci\u00f3n \u201cse atiende una a\u00f1eja demanda popular y de ahora en adelante los vecinos podr\u00e1n atestiguar el mejoramiento continuo de los espacios donde habitan\u201d.<br><\/p>\n\n\n\n<p>Al evento tambi\u00e9n acudieron la alcaldesa electa de Azcapotzalco, Nancy N\u00fa\u00f1ez; el titular de la secretar\u00eda de desarrollo urbano y vivienda, Inti Mu\u00f1oz; y el secretario de desarrollo y bienestar social, Juan Gerardo L\u00f3pez.<\/p>\n","protected":false},"excerpt":{"rendered":"<p>El jefe de Gobierno de la CDMX recalc\u00f3 que a partir de la reforma, ahora tambi\u00e9n se deber\u00e1n destinar recursos para el mantenimiento de las viviendas. El jefe de gobierno, Mart\u00ed Batres, present\u00f3 en la gaceta oficial capitalina la reforma a la Constituci\u00f3n Pol\u00edtica de la Ciudad de M\u00e9xico en materia de derecho a la [&hellip;]<\/p>\n","protected":false},"author":1,"featured_media":58932,"comment_status":"closed","ping_status":"closed","sticky":false,"template":"","format":"standard","meta":{"footnotes":""},"categories":[35,30],"tags":[],"class_list":["post-58928","post","type-post","status-publish","format-standard","has-post-thumbnail","hentry","category-cdmx","category-destacado"],"_links":{"self":[{"href":"https:\/\/elinformante.mx\/index.php?rest_route=\/wp\/v2\/posts\/58928","targetHints":{"allow":["GET"]}}],"collection":[{"href":"https:\/\/elinformante.mx\/index.php?rest_route=\/wp\/v2\/posts"}],"about":[{"href":"https:\/\/elinformante.mx\/index.php?rest_route=\/wp\/v2\/types\/post"}],"author":[{"embeddable":true,"href":"https:\/\/elinformante.mx\/index.php?rest_route=\/wp\/v2\/users\/1"}],"replies":[{"embeddable":true,"href":"https:\/\/elinformante.mx\/index.php?rest_route=%2Fwp%2Fv2%2Fcomments&post=58928"}],"version-history":[{"count":0,"href":"https:\/\/elinformante.mx\/index.php?rest_route=\/wp\/v2\/posts\/58928\/revisions"}],"wp:featuredmedia":[{"embeddable":true,"href":"https:\/\/elinformante.mx\/index.php?rest_route=\/wp\/v2\/media\/58932"}],"wp:attachment":[{"href":"https:\/\/elinformante.mx\/index.php?rest_route=%2Fwp%2Fv2%2Fmedia&parent=58928"}],"wp:term":[{"taxonomy":"category","embeddable":true,"href":"https:\/\/elinformante.mx\/index.php?rest_route=%2Fwp%2Fv2%2Fcategories&post=58928"},{"taxonomy":"post_tag","embeddable":true,"href":"https:\/\/elinformante.mx\/index.php?rest_route=%2Fwp%2Fv2%2Ftags&post=58928"}],"curies":[{"name":"wp","href":"https:\/\/api.w.org\/{rel}","templated":true}]}}