{"id":58940,"date":"2024-07-09T07:27:09","date_gmt":"2024-07-09T13:27:09","guid":{"rendered":"https:\/\/elinformante.mx\/?p=58940"},"modified":"2024-07-09T07:27:10","modified_gmt":"2024-07-09T13:27:10","slug":"quedo-atras-la-crisis-hidrica-en-nuevo-leon-samuel-garcia","status":"publish","type":"post","link":"https:\/\/elinformante.mx\/?p=58940","title":{"rendered":"Qued\u00f3 atr\u00e1s la crisis h\u00eddrica en Nuevo Le\u00f3n: Samuel Garc\u00eda"},"content":{"rendered":"\n<blockquote class=\"wp-block-quote is-layout-flow wp-block-quote-is-layout-flow\">\n<p>El gobernador de Nuevo Le\u00f3n inst\u00f3 a los ciudadanos a cuidar el agua y consumir un m\u00e1ximo de 16,000 litros por segundo durante el verano.<\/p>\n<\/blockquote>\n\n\n\n<p>El gobernador de Nuevo Le\u00f3n, Samuel Garc\u00eda, afirm\u00f3 que el suministro de agua para la zona metropolitana de Monterrey ya es potable y atr\u00e1s qued\u00f3 la crisis h\u00eddrica, debido a que las presas est\u00e1n a un nivel superior al 85% de almacenamiento.<br><\/p>\n\n\n\n<p>\u201cCon las presas llenas, ya no hay sequ\u00eda en Nuevo Le\u00f3n. La sequ\u00eda qued\u00f3 atr\u00e1s\u201d, dijo el mandatario.<br><\/p>\n\n\n\n<p>Sin embargo exhort\u00f3 a los ciudadanos a cuidar el agua y consumir un m\u00e1ximo de 16,000 litros por segundo durante el verano, debido a que actualmente se consumen 17,480 litros por segundo, lo cual no es sostenible.<br><\/p>\n\n\n\n<p>El mandatario explic\u00f3 que en Santa Catarina, ha sido complejo el restablecimiento del suministro debido a los destrozos en la infraestructura, en la zona de la Huasteca, Valle Poniente y el casco del municipio. Despu\u00e9s del hurac\u00e1n \u00c1lex se construy\u00f3 un ducto en el r\u00edo Santa Catarina, y con la tormenta tropical Alberto que lleg\u00f3 con m\u00e1s agua de lo esperado, se llev\u00f3 el ducto.<br><\/p>\n\n\n\n<figure class=\"wp-block-image size-large\"><img fetchpriority=\"high\" decoding=\"async\" width=\"1024\" height=\"503\" src=\"https:\/\/elinformante.mx\/wp-content\/uploads\/2024\/07\/4nuevo-1-1024x503.jpg\" alt=\"\" class=\"wp-image-58943\" srcset=\"https:\/\/elinformante.mx\/wp-content\/uploads\/2024\/07\/4nuevo-1-1024x503.jpg 1024w, https:\/\/elinformante.mx\/wp-content\/uploads\/2024\/07\/4nuevo-1-300x147.jpg 300w, https:\/\/elinformante.mx\/wp-content\/uploads\/2024\/07\/4nuevo-1-768x377.jpg 768w, https:\/\/elinformante.mx\/wp-content\/uploads\/2024\/07\/4nuevo-1-580x285.jpg 580w, https:\/\/elinformante.mx\/wp-content\/uploads\/2024\/07\/4nuevo-1-860x422.jpg 860w, https:\/\/elinformante.mx\/wp-content\/uploads\/2024\/07\/4nuevo-1.jpg 1140w\" sizes=\"(max-width: 1024px) 100vw, 1024px\" \/><\/figure>\n\n\n\n<p>El alcalde de Santa Catarina, Jes\u00fas Nava reconoci\u00f3 que el suministro de la ciudad depende en m\u00e1s del 80% de un \u00fanicamente tubo ubicado en el r\u00edo Santa Catarina. \u201cEsto debe cambiar, no podemos arriesgarnos a repetir la tragedia provocada por Alberto\u201d.<br><\/p>\n\n\n\n<p>El gobernador detall\u00f3 que se han realizado maniobras, primero con tubos de polietileno y concreto, y hasta encontrar un atraque de acero que pudimos restablecer, pero es provisional. No obstante, ahora empezaremos a construir un tubo que cruzar\u00e1 la ciudad, fuera del r\u00edo para que nunca m\u00e1s se quede sin agua Santa Catarina.<br><\/p>\n\n\n\n<p>El mandatario alert\u00f3 que hab\u00eda varios pron\u00f3sticos sobre la trayectoria del hurac\u00e1n \u201cBeryl\u201d y Nuevo Le\u00f3n ya tiene casi llenas las tres presas, pero si hubiera llegado el hurac\u00e1n habr\u00eda grandes destrozos y cero ganancia, \u201ciba a ser catastr\u00f3fico\u201d. Ahora que se sabe que su trayectoria vari\u00f3 hacia Houston, Texas; aqu\u00ed continuar\u00e1n las lluvias con 40 a 50 mil\u00edmetros, lo que permitir\u00e1 cargar el acu\u00edfero.<br><\/p>\n\n\n\n<p>De acuerdo a los datos de la Comisi\u00f3n Nacional del Agua (Conagua), la presa Cerro Prieto tiene un almacenamiento de 270.789 millones de metros c\u00fabicos, por lo que est\u00e1 a un 90.26% de llenado; a su vez, La Boca, est\u00e1 a 97.60%, con un almacenamiento de 34.160 millones de metros c\u00fabicos, y la presa m\u00e1s grande que es El Cuchillo, tiene un volumen de 940.749 millones de metros c\u00fabicos lo que significa que est\u00e1 al 83.76% de capacidad.<br><\/p>\n\n\n\n<p>Sin embargo, a\u00fan no se est\u00e1 extrayendo agua de Cerro Prieto, y en el caso de la presa Libertad el gobernador asegur\u00f3 que debe estar lista para el 7 de agosto pr\u00f3ximo en que vendr\u00e1n el presidente Andr\u00e9s L\u00f3pez Obrador, acompa\u00f1ado por la presidenta electa Claudia Sheinbaum.<\/p>\n","protected":false},"excerpt":{"rendered":"<p>El gobernador de Nuevo Le\u00f3n inst\u00f3 a los ciudadanos a cuidar el agua y consumir un m\u00e1ximo de 16,000 litros por segundo durante el verano. El gobernador de Nuevo Le\u00f3n, Samuel Garc\u00eda, afirm\u00f3 que el suministro de agua para la zona metropolitana de Monterrey ya es potable y atr\u00e1s qued\u00f3 la crisis h\u00eddrica, debido a [&hellip;]<\/p>\n","protected":false},"author":1,"featured_media":58942,"comment_status":"closed","ping_status":"closed","sticky":false,"template":"","format":"standard","meta":{"footnotes":""},"categories":[34],"tags":[],"class_list":["post-58940","post","type-post","status-publish","format-standard","has-post-thumbnail","hentry","category-nacional"],"_links":{"self":[{"href":"https:\/\/elinformante.mx\/index.php?rest_route=\/wp\/v2\/posts\/58940","targetHints":{"allow":["GET"]}}],"collection":[{"href":"https:\/\/elinformante.mx\/index.php?rest_route=\/wp\/v2\/posts"}],"about":[{"href":"https:\/\/elinformante.mx\/index.php?rest_route=\/wp\/v2\/types\/post"}],"author":[{"embeddable":true,"href":"https:\/\/elinformante.mx\/index.php?rest_route=\/wp\/v2\/users\/1"}],"replies":[{"embeddable":true,"href":"https:\/\/elinformante.mx\/index.php?rest_route=%2Fwp%2Fv2%2Fcomments&post=58940"}],"version-history":[{"count":0,"href":"https:\/\/elinformante.mx\/index.php?rest_route=\/wp\/v2\/posts\/58940\/revisions"}],"wp:featuredmedia":[{"embeddable":true,"href":"https:\/\/elinformante.mx\/index.php?rest_route=\/wp\/v2\/media\/58942"}],"wp:attachment":[{"href":"https:\/\/elinformante.mx\/index.php?rest_route=%2Fwp%2Fv2%2Fmedia&parent=58940"}],"wp:term":[{"taxonomy":"category","embeddable":true,"href":"https:\/\/elinformante.mx\/index.php?rest_route=%2Fwp%2Fv2%2Fcategories&post=58940"},{"taxonomy":"post_tag","embeddable":true,"href":"https:\/\/elinformante.mx\/index.php?rest_route=%2Fwp%2Fv2%2Ftags&post=58940"}],"curies":[{"name":"wp","href":"https:\/\/api.w.org\/{rel}","templated":true}]}}