{"id":58945,"date":"2024-07-09T07:29:06","date_gmt":"2024-07-09T13:29:06","guid":{"rendered":"https:\/\/elinformante.mx\/?p=58945"},"modified":"2024-07-09T07:29:07","modified_gmt":"2024-07-09T13:29:07","slug":"entrega-mara-lezama-cafeteria-a-la-universidad-politecnica-de-quintana-roo","status":"publish","type":"post","link":"https:\/\/elinformante.mx\/?p=58945","title":{"rendered":"Entrega Mara Lezama cafeter\u00eda a la Universidad Polit\u00e9cnica de Quintana Roo"},"content":{"rendered":"\n<blockquote class=\"wp-block-quote is-layout-flow wp-block-quote-is-layout-flow\">\n<p>A los alumnos se les hizo entrega de una cafeter\u00eda equipada para que tengan un sitio digno para tomar sus alimentos<\/p>\n<\/blockquote>\n\n\n\n<p>Con inversi\u00f3n de 13 millones 441 mil 647 pesos totalmente transparentada, la gobernadora Mara Lezama Espinosa devel\u00f3 la placa para entregar totalmente equipada la Cafeter\u00eda Universitaria, de la Universidad Polit\u00e9cnica de Quintana Roo, cuya primera piedra se puso en octubre pasado.<br><\/p>\n\n\n\n<p>Con la inauguraci\u00f3n se llev\u00f3 a cabo un ejercicio de consulta del C\u00f3digo QR de Escuela Transparente, cuyo distintivo de Obra Nueva Verificada fue entregada por la Comisionada Presidenta del Pleno del IDAIPQROO, Magda Eugenia Lozano Ocman, y la firma del Acuerdo Solidario para su cuidado y conservaci\u00f3n.<br><\/p>\n\n\n\n<p>Esta obra estar\u00e1 al servicio de m\u00e1s de mil 570 j\u00f3venes, mujeres y hombres, universitarios, quienes tienen ya un nuevo espacio educativo moderno, c\u00f3modo, higi\u00e9nico, para el consumo de sus alimentos en un ambiente de sano esparcimiento, que permitir\u00e1 proteger la salud y econom\u00eda de las familias quintanarroenses.<br><\/p>\n\n\n\n<p>Despu\u00e9s de develar la placa, recorrer las instalaciones, constatar que el ejercicio de transparencia es funcional, la gobernadora Mara Lezama expres\u00f3 que esta es la justicia social por la que se trabaja 24\/7, es la prosperidad compartida que se est\u00e1 logrando a partir de cerrar las brechas de desigualdad, de exclusiones y de tanto abandono que se fue encontrando desde que se lleg\u00f3 al gobierno.<br><\/p>\n\n\n\n<p>Invit\u00f3 a los universitarios a disfrutar de la nueva cafeter\u00eda, a cuidarla y seguir unidos transformando la educaci\u00f3n de Quintana Roo, con mejores instalaciones que se van construyendo cuando se combate la corrupci\u00f3n, cuando el dinero del pueblo se invierte donde m\u00e1s se necesita.<br><\/p>\n\n\n\n<figure class=\"wp-block-image size-large\"><img fetchpriority=\"high\" decoding=\"async\" width=\"1024\" height=\"503\" src=\"https:\/\/elinformante.mx\/wp-content\/uploads\/2024\/07\/4QUINTA-1024x503.jpg\" alt=\"\" class=\"wp-image-58947\" srcset=\"https:\/\/elinformante.mx\/wp-content\/uploads\/2024\/07\/4QUINTA-1024x503.jpg 1024w, https:\/\/elinformante.mx\/wp-content\/uploads\/2024\/07\/4QUINTA-300x147.jpg 300w, https:\/\/elinformante.mx\/wp-content\/uploads\/2024\/07\/4QUINTA-768x377.jpg 768w, https:\/\/elinformante.mx\/wp-content\/uploads\/2024\/07\/4QUINTA-580x285.jpg 580w, https:\/\/elinformante.mx\/wp-content\/uploads\/2024\/07\/4QUINTA-860x422.jpg 860w, https:\/\/elinformante.mx\/wp-content\/uploads\/2024\/07\/4QUINTA.jpg 1140w\" sizes=\"(max-width: 1024px) 100vw, 1024px\" \/><\/figure>\n\n\n\n<p>Destac\u00f3 la transparencia, el poder disponer de toda la informaci\u00f3n, desde un tornillo, un anclaje, etc., con solo enfocar el c\u00f3digo QR con un tel\u00e9fono celular.<br><\/p>\n\n\n\n<p>Jos\u00e9 Rafael Lara D\u00edaz, director general del IFEQROO, dijo que esta cafeter\u00eda est\u00e1 equipada y cuenta con instalaciones hidrosanitarias, el\u00e9ctricas, adheridos y cancelar\u00edas, as\u00ed como obra exterior.<br><\/p>\n\n\n\n<p>El titular del IFEQROO detall\u00f3 que la nueva cafeter\u00eda, de 450 metros cuadrados, cuenta con \u00e1rea para comensales, terraza exterior, servicios sanitarios, cocina, bodega, patio de servicio, obra exterior, y equipamiento, todo para dar un servicio digno a los estudiantes, profesores y p\u00fablico en general.<br><\/p>\n\n\n\n<p>La presidenta Ana Paty Peralta de la Pe\u00f1a agradeci\u00f3 la obra y a los alumnos que est\u00e1n por graduarse les dese\u00f3 el mejor de los \u00e9xitos porque estudian en una de las mejores universidades de Canc\u00fan.<br><\/p>\n\n\n\n<p>El Rector Manuel Alfredo Pech Palacios manifest\u00f3 que se cumple con una demanda de la comunidad universitaria y que antes era un sue\u00f1o y ahora es una bonita realidad.<\/p>\n","protected":false},"excerpt":{"rendered":"<p>A los alumnos se les hizo entrega de una cafeter\u00eda equipada para que tengan un sitio digno para tomar sus alimentos Con inversi\u00f3n de 13 millones 441 mil 647 pesos totalmente transparentada, la gobernadora Mara Lezama Espinosa devel\u00f3 la placa para entregar totalmente equipada la Cafeter\u00eda Universitaria, de la Universidad Polit\u00e9cnica de Quintana Roo, cuya [&hellip;]<\/p>\n","protected":false},"author":1,"featured_media":58946,"comment_status":"closed","ping_status":"closed","sticky":false,"template":"","format":"standard","meta":{"footnotes":""},"categories":[30,34],"tags":[],"class_list":["post-58945","post","type-post","status-publish","format-standard","has-post-thumbnail","hentry","category-destacado","category-nacional"],"_links":{"self":[{"href":"https:\/\/elinformante.mx\/index.php?rest_route=\/wp\/v2\/posts\/58945","targetHints":{"allow":["GET"]}}],"collection":[{"href":"https:\/\/elinformante.mx\/index.php?rest_route=\/wp\/v2\/posts"}],"about":[{"href":"https:\/\/elinformante.mx\/index.php?rest_route=\/wp\/v2\/types\/post"}],"author":[{"embeddable":true,"href":"https:\/\/elinformante.mx\/index.php?rest_route=\/wp\/v2\/users\/1"}],"replies":[{"embeddable":true,"href":"https:\/\/elinformante.mx\/index.php?rest_route=%2Fwp%2Fv2%2Fcomments&post=58945"}],"version-history":[{"count":0,"href":"https:\/\/elinformante.mx\/index.php?rest_route=\/wp\/v2\/posts\/58945\/revisions"}],"wp:featuredmedia":[{"embeddable":true,"href":"https:\/\/elinformante.mx\/index.php?rest_route=\/wp\/v2\/media\/58946"}],"wp:attachment":[{"href":"https:\/\/elinformante.mx\/index.php?rest_route=%2Fwp%2Fv2%2Fmedia&parent=58945"}],"wp:term":[{"taxonomy":"category","embeddable":true,"href":"https:\/\/elinformante.mx\/index.php?rest_route=%2Fwp%2Fv2%2Fcategories&post=58945"},{"taxonomy":"post_tag","embeddable":true,"href":"https:\/\/elinformante.mx\/index.php?rest_route=%2Fwp%2Fv2%2Ftags&post=58945"}],"curies":[{"name":"wp","href":"https:\/\/api.w.org\/{rel}","templated":true}]}}