{"id":58955,"date":"2024-07-09T07:58:00","date_gmt":"2024-07-09T13:58:00","guid":{"rendered":"https:\/\/elinformante.mx\/?p=58955"},"modified":"2024-07-09T07:58:01","modified_gmt":"2024-07-09T13:58:01","slug":"delinean-sheinbaum-garcia-harfuch-y-rosa-icela-rodriguez-estrategia-de-seguridad","status":"publish","type":"post","link":"https:\/\/elinformante.mx\/?p=58955","title":{"rendered":"DELINEAN SHEINBAUM, GARC\u00cdA HARFUCH Y ROSA ICELA RODR\u00cdGUEZ ESTRATEGIA DE SEGURIDAD"},"content":{"rendered":"\n<blockquote class=\"wp-block-quote is-layout-flow wp-block-quote-is-layout-flow\">\n<p>Ambos funcionarios ser\u00e1n los parte del gabinete de gobierno de Claudia Sheinbaum, Rodr\u00edguez estar\u00e1 al frente de la Secretar\u00eda de Gobernaci\u00f3n, mientras que Garc\u00eda Harfuch se har\u00e1 cargo de la Secretar\u00eda de Seguridad y Protecci\u00f3n Ciudadana.<\/p>\n<\/blockquote>\n\n\n\n<p>La virtual presidenta electa, Claudia Sheinbaum, tuvo una reuni\u00f3n de cerca de cuatro horas con quienes ser\u00e1n los secretarios encargados de la pol\u00edtica interior y la seguridad p\u00fablica del pa\u00eds; Rosa Icela Rodr\u00edguez y Omar Garc\u00eda Harfuch.<br><\/p>\n\n\n\n<p>A trav\u00e9s de su cuenta de X, Claudia Sheinbaum escribi\u00f3 el siguiente mensaje: \u201cEstuvimos trabajando con Rosa Icela, actual secretaria de Seguridad y futura secretaria de Gobernaci\u00f3n; y con Omar Garc\u00eda Harfuch, pr\u00f3ximo secretario de Seguridad y Protecci\u00f3n Ciudadana, de nuestro pa\u00eds\u201d.<br><\/p>\n\n\n\n<p>Los detalles de la reuni\u00f3n, que fue realizada en la casa de transici\u00f3n de Iztapalapa, no han sido dados a conocer por parte de la virtual presidenta electa de M\u00e9xico. Se prev\u00e9 que para el pr\u00f3ximo jueves anuncie a m\u00e1s integrantes de su gabinete; adelant\u00f3 que ser\u00e1n los titulares de la Secretar\u00eda de Turismo y de Trabajo, as\u00ed como el titular de la jefatura de Oficina de Presidencia.<br><\/p>\n\n\n\n<p>Durante su conferencia la virtual presidenta electa de M\u00e9xico, Claudia Sheinbaum, anunci\u00f3 que los titulares de la Secretar\u00eda de la Defensa Nacional (Sedena) y la Secretar\u00eda Armada de M\u00e9xico (Semar) ser\u00e1n dados a conocer hasta el pr\u00f3ximo mes de septiembre, previo al inicio de su administraci\u00f3n, lo cual ser\u00e1 el 1 de octubre.<br><\/p>\n\n\n\n<figure class=\"wp-block-image size-large\"><img fetchpriority=\"high\" decoding=\"async\" width=\"1024\" height=\"503\" src=\"https:\/\/elinformante.mx\/wp-content\/uploads\/2024\/07\/9sheinbaum-2-1024x503.jpg\" alt=\"\" class=\"wp-image-58957\" srcset=\"https:\/\/elinformante.mx\/wp-content\/uploads\/2024\/07\/9sheinbaum-2-1024x503.jpg 1024w, https:\/\/elinformante.mx\/wp-content\/uploads\/2024\/07\/9sheinbaum-2-300x147.jpg 300w, https:\/\/elinformante.mx\/wp-content\/uploads\/2024\/07\/9sheinbaum-2-768x377.jpg 768w, https:\/\/elinformante.mx\/wp-content\/uploads\/2024\/07\/9sheinbaum-2-580x285.jpg 580w, https:\/\/elinformante.mx\/wp-content\/uploads\/2024\/07\/9sheinbaum-2-860x422.jpg 860w, https:\/\/elinformante.mx\/wp-content\/uploads\/2024\/07\/9sheinbaum-2.jpg 1140w\" sizes=\"(max-width: 1024px) 100vw, 1024px\" \/><\/figure>\n\n\n\n<p>Aunado a esto, Sheinbaum se comprometi\u00f3 a continuar con la construcci\u00f3n de v\u00edas f\u00e9rreas en M\u00e9xico: anunci\u00f3 que ser\u00e1n 3 mil kil\u00f3metros destinados al transporte de pasajeros, esto para el periodo 2024-2030. Adelant\u00f3 que estos proyectos buscar\u00e1n unir al centro con el norte del pa\u00eds.<br><\/p>\n\n\n\n<p>Claudia Sheinbaum adelant\u00f3 que uno de los proyectos de trenes de pasajeros llegar\u00eda a Nuevo Laredo, Tamaulipas, pero dar\u00e1 m\u00e1s detalles hasta la siguiente semana. Anunci\u00f3 que continuar\u00e1 el modelo de colaboraci\u00f3n con ingenieros militares, tal como sucede en la construcci\u00f3n del Tren Maya.<br><\/p>\n\n\n\n<p>Adelant\u00f3 que en los pr\u00f3ximos fines de semana seguir\u00e1 acompa\u00f1ando al presidente Andr\u00e9s Manuel L\u00f3pez Obrador en sus giras por el pa\u00eds.<br><\/p>\n\n\n\n<p>Los lunes y mi\u00e9rcoles tendr\u00e1 ruedas de prensa, los martes tendr\u00e1 reuniones sectoriales y los jueves anunciar\u00e1 a los integrantes de su gabinete.<\/p>\n\n\n\n<figure class=\"wp-block-image size-large\"><img decoding=\"async\" width=\"1024\" height=\"503\" src=\"https:\/\/elinformante.mx\/wp-content\/uploads\/2024\/07\/9sheinbaum-3-1024x503.jpg\" alt=\"\" class=\"wp-image-58958\" srcset=\"https:\/\/elinformante.mx\/wp-content\/uploads\/2024\/07\/9sheinbaum-3-1024x503.jpg 1024w, https:\/\/elinformante.mx\/wp-content\/uploads\/2024\/07\/9sheinbaum-3-300x147.jpg 300w, https:\/\/elinformante.mx\/wp-content\/uploads\/2024\/07\/9sheinbaum-3-768x377.jpg 768w, https:\/\/elinformante.mx\/wp-content\/uploads\/2024\/07\/9sheinbaum-3-580x285.jpg 580w, https:\/\/elinformante.mx\/wp-content\/uploads\/2024\/07\/9sheinbaum-3-860x422.jpg 860w, https:\/\/elinformante.mx\/wp-content\/uploads\/2024\/07\/9sheinbaum-3.jpg 1140w\" sizes=\"(max-width: 1024px) 100vw, 1024px\" \/><\/figure>\n","protected":false},"excerpt":{"rendered":"<p>Ambos funcionarios ser\u00e1n los parte del gabinete de gobierno de Claudia Sheinbaum, Rodr\u00edguez estar\u00e1 al frente de la Secretar\u00eda de Gobernaci\u00f3n, mientras que Garc\u00eda Harfuch se har\u00e1 cargo de la Secretar\u00eda de Seguridad y Protecci\u00f3n Ciudadana. La virtual presidenta electa, Claudia Sheinbaum, tuvo una reuni\u00f3n de cerca de cuatro horas con quienes ser\u00e1n los secretarios [&hellip;]<\/p>\n","protected":false},"author":1,"featured_media":58956,"comment_status":"closed","ping_status":"closed","sticky":false,"template":"","format":"standard","meta":{"footnotes":""},"categories":[30,34,31],"tags":[],"class_list":["post-58955","post","type-post","status-publish","format-standard","has-post-thumbnail","hentry","category-destacado","category-nacional","category-portada"],"_links":{"self":[{"href":"https:\/\/elinformante.mx\/index.php?rest_route=\/wp\/v2\/posts\/58955","targetHints":{"allow":["GET"]}}],"collection":[{"href":"https:\/\/elinformante.mx\/index.php?rest_route=\/wp\/v2\/posts"}],"about":[{"href":"https:\/\/elinformante.mx\/index.php?rest_route=\/wp\/v2\/types\/post"}],"author":[{"embeddable":true,"href":"https:\/\/elinformante.mx\/index.php?rest_route=\/wp\/v2\/users\/1"}],"replies":[{"embeddable":true,"href":"https:\/\/elinformante.mx\/index.php?rest_route=%2Fwp%2Fv2%2Fcomments&post=58955"}],"version-history":[{"count":0,"href":"https:\/\/elinformante.mx\/index.php?rest_route=\/wp\/v2\/posts\/58955\/revisions"}],"wp:featuredmedia":[{"embeddable":true,"href":"https:\/\/elinformante.mx\/index.php?rest_route=\/wp\/v2\/media\/58956"}],"wp:attachment":[{"href":"https:\/\/elinformante.mx\/index.php?rest_route=%2Fwp%2Fv2%2Fmedia&parent=58955"}],"wp:term":[{"taxonomy":"category","embeddable":true,"href":"https:\/\/elinformante.mx\/index.php?rest_route=%2Fwp%2Fv2%2Fcategories&post=58955"},{"taxonomy":"post_tag","embeddable":true,"href":"https:\/\/elinformante.mx\/index.php?rest_route=%2Fwp%2Fv2%2Ftags&post=58955"}],"curies":[{"name":"wp","href":"https:\/\/api.w.org\/{rel}","templated":true}]}}