{"id":59101,"date":"2024-07-11T06:23:10","date_gmt":"2024-07-11T12:23:10","guid":{"rendered":"https:\/\/elinformante.mx\/?p=59101"},"modified":"2024-07-11T06:23:12","modified_gmt":"2024-07-11T12:23:12","slug":"inicia-operativo-violeta-en-edomex-para-atender-violencia-de-genero","status":"publish","type":"post","link":"https:\/\/elinformante.mx\/?p=59101","title":{"rendered":"Inicia Operativo Violeta en Edom\u00e9x para atender violencia de g\u00e9nero"},"content":{"rendered":"\n<blockquote class=\"wp-block-quote is-layout-flow wp-block-quote-is-layout-flow\">\n<p class=\"wp-block-paragraph\">Para este operativo se dispuso de un estado de fuerza de m\u00e1s de 300 elementos y 55 unidades, que realizar\u00e1n patrullajes en paraderos y 10 colonias prioritarias.<\/p>\n<\/blockquote>\n\n\n\n<p class=\"wp-block-paragraph\">Con el firme objetivo de prevenir factores de riesgo que atenten contra las mujeres, la Secretar\u00eda de Seguridad del Estado de M\u00e9xico (SSEM) en coordinaci\u00f3n con la Polic\u00eda Municipal y el Instituto Municipal para la Equidad de G\u00e9nero y el Desarrollo de las Mujeres (IMEGDEM) de Cuautitl\u00e1n Izcalli, realizaron el Operativo Violeta.<br><\/p>\n\n\n\n<p class=\"wp-block-paragraph\">La SSEM se coordin\u00f3 con las autoridades municipales para generar proximidad con la ciudadan\u00eda mediante la presencia policial para crear confianza entre las personas.<br><\/p>\n\n\n\n<figure class=\"wp-block-image size-large\"><img fetchpriority=\"high\" decoding=\"async\" width=\"1024\" height=\"503\" src=\"https:\/\/elinformante.mx\/wp-content\/uploads\/2024\/07\/13operativo-2-1024x503.jpg\" alt=\"\" class=\"wp-image-59103\" srcset=\"https:\/\/elinformante.mx\/wp-content\/uploads\/2024\/07\/13operativo-2-1024x503.jpg 1024w, https:\/\/elinformante.mx\/wp-content\/uploads\/2024\/07\/13operativo-2-300x147.jpg 300w, https:\/\/elinformante.mx\/wp-content\/uploads\/2024\/07\/13operativo-2-768x377.jpg 768w, https:\/\/elinformante.mx\/wp-content\/uploads\/2024\/07\/13operativo-2-580x285.jpg 580w, https:\/\/elinformante.mx\/wp-content\/uploads\/2024\/07\/13operativo-2-860x422.jpg 860w, https:\/\/elinformante.mx\/wp-content\/uploads\/2024\/07\/13operativo-2.jpg 1140w\" sizes=\"(max-width: 1024px) 100vw, 1024px\" \/><\/figure>\n\n\n\n<p class=\"wp-block-paragraph\">Este despliegue estrat\u00e9gico dispuso de m\u00e1s de 300 elementos y 55 unidades, a fin de patrullar paraderos y 10 colonias prioritarias. La c\u00e9lula uno recorri\u00f3 Infonavit Norte y Jardines de la Hacienda, el segundo grupo llev\u00f3 a cabo patrullajes en Lomas y San Francisco Tepojaco.<br><\/p>\n\n\n\n<p class=\"wp-block-paragraph\">La tercera agrupaci\u00f3n recorri\u00f3 las colonias de Santa Mar\u00eda las Torres y Atlanta; el cuarto conjunto vigil\u00f3 La Piedad y San Antonio; finalmente, la quinta c\u00e9lula custodi\u00f3 las zonas de Luis Echeverr\u00eda y Santiago Tepalcapa.<br><\/p>\n\n\n\n<p class=\"wp-block-paragraph\">Se busca mediante esta estrategia de seguridad atender las causas que generan conductas que particularmente atentan contra este sector de la poblaci\u00f3n; asimismo, implementar acciones para garantizar entornos seguros para la poblaci\u00f3n mexiquense.<\/p>\n","protected":false},"excerpt":{"rendered":"<p>Para este operativo se dispuso de un estado de fuerza de m\u00e1s de 300 elementos y 55 unidades, que realizar\u00e1n patrullajes en paraderos y 10 colonias prioritarias. Con el firme objetivo de prevenir factores de riesgo que atenten contra las mujeres, la Secretar\u00eda de Seguridad del Estado de M\u00e9xico (SSEM) en coordinaci\u00f3n con la Polic\u00eda [&hellip;]<\/p>\n","protected":false},"author":1,"featured_media":59102,"comment_status":"closed","ping_status":"closed","sticky":false,"template":"","format":"standard","meta":{"footnotes":""},"categories":[30,36,37],"tags":[],"class_list":["post-59101","post","type-post","status-publish","format-standard","has-post-thumbnail","hentry","category-destacado","category-edomex","category-justicia"],"_links":{"self":[{"href":"https:\/\/elinformante.mx\/index.php?rest_route=\/wp\/v2\/posts\/59101","targetHints":{"allow":["GET"]}}],"collection":[{"href":"https:\/\/elinformante.mx\/index.php?rest_route=\/wp\/v2\/posts"}],"about":[{"href":"https:\/\/elinformante.mx\/index.php?rest_route=\/wp\/v2\/types\/post"}],"author":[{"embeddable":true,"href":"https:\/\/elinformante.mx\/index.php?rest_route=\/wp\/v2\/users\/1"}],"replies":[{"embeddable":true,"href":"https:\/\/elinformante.mx\/index.php?rest_route=%2Fwp%2Fv2%2Fcomments&post=59101"}],"version-history":[{"count":0,"href":"https:\/\/elinformante.mx\/index.php?rest_route=\/wp\/v2\/posts\/59101\/revisions"}],"wp:featuredmedia":[{"embeddable":true,"href":"https:\/\/elinformante.mx\/index.php?rest_route=\/wp\/v2\/media\/59102"}],"wp:attachment":[{"href":"https:\/\/elinformante.mx\/index.php?rest_route=%2Fwp%2Fv2%2Fmedia&parent=59101"}],"wp:term":[{"taxonomy":"category","embeddable":true,"href":"https:\/\/elinformante.mx\/index.php?rest_route=%2Fwp%2Fv2%2Fcategories&post=59101"},{"taxonomy":"post_tag","embeddable":true,"href":"https:\/\/elinformante.mx\/index.php?rest_route=%2Fwp%2Fv2%2Ftags&post=59101"}],"curies":[{"name":"wp","href":"https:\/\/api.w.org\/{rel}","templated":true}]}}