{"id":59202,"date":"2024-07-12T06:08:17","date_gmt":"2024-07-12T12:08:17","guid":{"rendered":"https:\/\/elinformante.mx\/?p=59202"},"modified":"2024-07-12T06:09:20","modified_gmt":"2024-07-12T12:09:20","slug":"la-conmebol-abre-expediente-para-aclarar-responsabilidades-en-la-trifulca-de-charlotte","status":"publish","type":"post","link":"https:\/\/elinformante.mx\/?p=59202","title":{"rendered":"La Conmebol abre expediente para aclarar responsabilidades en la trifulca de Charlotte"},"content":{"rendered":"\n<blockquote class=\"wp-block-quote is-layout-flow wp-block-quote-is-layout-flow\">\n<p>La organizaci\u00f3n lanz\u00f3 un claro mensaje: no se permitir\u00e1 y tolerar\u00e1 ning\u00fan acto de violencia en la Final de la Copa Am\u00e9rica 2024.<\/p>\n<\/blockquote>\n\n\n\n<p>La Conmebol inform\u00f3 que decidi\u00f3 abrir un expediente para dilucidar la secuencia de hechos y las responsabilidades de los involucrados en la trifulca entre jugadores de Uruguay y aficionados de Colombia ocurrida en las gradas del Bank of Am\u00e9rica Stadium de Charlotte, Carolina del Norte tras la semifinal de la Copa Am\u00e9rica.<br><\/p>\n\n\n\n<p>\u201cAnte los actos de violencia ocurridos al t\u00e9rmino del partido entre las selecciones de Uruguay y Colombia, la Unidad Disciplinaria de la CONMEBOL ha decidido abrir un expediente para dilucidar la secuencia de hechos y las responsabilidades de los involucrados\u201d, inform\u00f3 el organismo.<br><\/p>\n\n\n\n<p>Tras el triunfo por 1-0 de Colombia contra Uruguay, los jugadores uruguayos Darwin N\u00fa\u00f1ez, Ronald Ara\u00fajo y Jos\u00e9 Mar\u00eda Gim\u00e9nez saltaron a las gradas y se pelearon con unos aficionados colombianos que, seg\u00fan la Celeste, tuvieron una actitud agresiva hacia sus familias.<br><\/p>\n\n\n\n<p>La CONMEBOL fue muy puntual al reafirmar que no se tolerar\u00e1 ninguna acci\u00f3n que empa\u00f1e una fiesta mundial del f\u00fatbol, no importa si es por parte de los protagonistas o de la afici\u00f3n presente, esos actos son inadmisibles, no se debe permitir convertir la pasi\u00f3n en violencia.<br><\/p>\n\n\n\n<p>\u201cEs inadmisible un hecho como el ocurrido en esta ocasi\u00f3n, no se tolerar\u00e1 ninguna actitud que transgreda la competencia deportiva y el espect\u00e1culo m\u00e1s lindo del mundo que pertenece a toda la familia\u201d, concluy\u00f3.<br><\/p>\n\n\n\n<figure class=\"wp-block-image size-large\"><img fetchpriority=\"high\" decoding=\"async\" width=\"1024\" height=\"503\" src=\"https:\/\/elinformante.mx\/wp-content\/uploads\/2024\/07\/14conmebol-2-1024x503.jpg\" alt=\"\" class=\"wp-image-59204\" srcset=\"https:\/\/elinformante.mx\/wp-content\/uploads\/2024\/07\/14conmebol-2-1024x503.jpg 1024w, https:\/\/elinformante.mx\/wp-content\/uploads\/2024\/07\/14conmebol-2-300x147.jpg 300w, https:\/\/elinformante.mx\/wp-content\/uploads\/2024\/07\/14conmebol-2-768x377.jpg 768w, https:\/\/elinformante.mx\/wp-content\/uploads\/2024\/07\/14conmebol-2-580x285.jpg 580w, https:\/\/elinformante.mx\/wp-content\/uploads\/2024\/07\/14conmebol-2-860x422.jpg 860w, https:\/\/elinformante.mx\/wp-content\/uploads\/2024\/07\/14conmebol-2.jpg 1140w\" sizes=\"(max-width: 1024px) 100vw, 1024px\" \/><\/figure>\n\n\n\n<p>Varios jugadores uruguayos, entre ellos Darwin N\u00fa\u00f1ez, Ronald Ara\u00fajo y Jos\u00e9 Mar\u00eda Gim\u00e9nez saltaron a la grada para pelear con hinchas colombianos una vez finalizado el partido de este mi\u00e9rcoles de semifinales de la Copa Am\u00e9rica entre Uruguay y Colombia.<br><\/p>\n\n\n\n<p>Cuando el \u00e1rbitro pit\u00f3 el final del encuentro hubo una trifulca entre jugadores de las selecciones en el c\u00edrculo central, que se reprodujo r\u00e1pidamente en la grada entre hinchas de los dos pa\u00edses.<br><\/p>\n\n\n\n<p>Lo m\u00e1s sorprendente ocurri\u00f3 cuando varios jugadores con N\u00fa\u00f1ez al frente saltaron a la grada para implicarse en la pelea entre las hinchadas mientras les llov\u00edan objetos y l\u00edquidos.<br><\/p>\n\n\n\n<p>N\u00fa\u00f1ez, pu\u00f1os en alto en posici\u00f3n de pelea, recibi\u00f3 un pu\u00f1etazo en la cara de uno de los aficionados de la cafetera.<br><\/p>\n\n\n\n<p>La trifulca dur\u00f3 varios minutos mientras los esfuerzos de la polic\u00eda eran in\u00fatiles para separar a los implicados.<\/p>\n","protected":false},"excerpt":{"rendered":"<p>La organizaci\u00f3n lanz\u00f3 un claro mensaje: no se permitir\u00e1 y tolerar\u00e1 ning\u00fan acto de violencia en la Final de la Copa Am\u00e9rica 2024. La Conmebol inform\u00f3 que decidi\u00f3 abrir un expediente para dilucidar la secuencia de hechos y las responsabilidades de los involucrados en la trifulca entre jugadores de Uruguay y aficionados de Colombia ocurrida [&hellip;]<\/p>\n","protected":false},"author":1,"featured_media":59203,"comment_status":"closed","ping_status":"closed","sticky":false,"template":"","format":"standard","meta":{"footnotes":""},"categories":[38],"tags":[],"class_list":["post-59202","post","type-post","status-publish","format-standard","has-post-thumbnail","hentry","category-deportes"],"_links":{"self":[{"href":"https:\/\/elinformante.mx\/index.php?rest_route=\/wp\/v2\/posts\/59202","targetHints":{"allow":["GET"]}}],"collection":[{"href":"https:\/\/elinformante.mx\/index.php?rest_route=\/wp\/v2\/posts"}],"about":[{"href":"https:\/\/elinformante.mx\/index.php?rest_route=\/wp\/v2\/types\/post"}],"author":[{"embeddable":true,"href":"https:\/\/elinformante.mx\/index.php?rest_route=\/wp\/v2\/users\/1"}],"replies":[{"embeddable":true,"href":"https:\/\/elinformante.mx\/index.php?rest_route=%2Fwp%2Fv2%2Fcomments&post=59202"}],"version-history":[{"count":0,"href":"https:\/\/elinformante.mx\/index.php?rest_route=\/wp\/v2\/posts\/59202\/revisions"}],"wp:featuredmedia":[{"embeddable":true,"href":"https:\/\/elinformante.mx\/index.php?rest_route=\/wp\/v2\/media\/59203"}],"wp:attachment":[{"href":"https:\/\/elinformante.mx\/index.php?rest_route=%2Fwp%2Fv2%2Fmedia&parent=59202"}],"wp:term":[{"taxonomy":"category","embeddable":true,"href":"https:\/\/elinformante.mx\/index.php?rest_route=%2Fwp%2Fv2%2Fcategories&post=59202"},{"taxonomy":"post_tag","embeddable":true,"href":"https:\/\/elinformante.mx\/index.php?rest_route=%2Fwp%2Fv2%2Ftags&post=59202"}],"curies":[{"name":"wp","href":"https:\/\/api.w.org\/{rel}","templated":true}]}}