{"id":59206,"date":"2024-07-12T06:10:00","date_gmt":"2024-07-12T12:10:00","guid":{"rendered":"https:\/\/elinformante.mx\/?p=59206"},"modified":"2024-07-12T06:10:17","modified_gmt":"2024-07-12T12:10:17","slug":"levanta-la-mano-miguel-herrera-para-dirigir-al-tri","status":"publish","type":"post","link":"https:\/\/elinformante.mx\/?p=59206","title":{"rendered":"Levanta la mano Miguel Herrera para dirigir al TRI"},"content":{"rendered":"\n<blockquote class=\"wp-block-quote is-layout-flow wp-block-quote-is-layout-flow\">\n<p>&#8220;Siempre estoy listo para dirigir la Selecci\u00f3n Mexicana.&#8221;<\/p>\n<\/blockquote>\n\n\n\n<p>Miguel Herrera no oculta la ilusi\u00f3n que tiene de regresar al banquillo de la Selecci\u00f3n Mexicana; sin embargo, respeta el proceso de Jaime Lozano, a pesar de quedar eliminado en la Fase de Grupos de la Copa Am\u00e9rica.<br><\/p>\n\n\n\n<p>Miguel Herrera se encuentra cubriendo la Copa Am\u00e9rica para una cadena de televisi\u00f3n, pero eso no quita que se muestr listo para volver al Tri.<br><\/p>\n\n\n\n<p>\u201cSi me llaman siempre estoy listo para la selecci\u00f3n, est\u00e9 donde est\u00e9. Siempre que lleg\u00f3 un equipo pongo una cl\u00e1usula de que si viene la Selecci\u00f3n de M\u00e9xico, me voy\u201d.<br><\/p>\n\n\n\n<p>Aunado a eso, el \u2018Piojo\u2019 lament\u00f3 el fracaso del Tri en Copa Am\u00e9rica, y rest\u00f3 importancia a los jugadores que decidi\u00f3 no llamar \u2018Jimmy\u2019 Lozano: \u201cHan faltado tres jugadores, tampoco es mucho de los que normalmente hab\u00edan llamado: el \u2018Chucky\u2019 Lozano, Henry Mart\u00edn y por ah\u00ed se habla de Memo Ochoa, aunque Malag\u00f3n era el que iba a parar, pero se lesion\u00f3\u201d.<br><\/p>\n\n\n\n<p>\u201cPero tampoco es que haya m\u00e1s en M\u00e9xico. Dicen que pongan j\u00f3venes, pero no los hay como hoy ves a Espa\u00f1a con Lamine Yamal, que anota un golazo a los 16 a\u00f1os. No tenemos todav\u00eda jovencitos que salgan ahorita a levantar la mano, pero se est\u00e1 trabajando\u201d.<br><\/p>\n\n\n\n<p>Tambi\u00e9n menci\u00f3no que \u00e9l mismo ha escuchado lo que se dice que Javier Aguirre regresa, pero confirm\u00f3 lo muchos ya saben, que el no ha confirmado nada, es m\u00e1s, a descartado en varias ocasiones el puesto como timonel azteca. Se dice que podr\u00eda regresar como manager, pero, a\u00fan es muy pronto para decir algo.<br><\/p>\n\n\n\n<p>Menciono que lo primero es ver que es lo que quiere Javier Aguirre, que realmente es un tipo muy derecho, muy frontal y que le encanta ser as\u00ed, \u00e9l dir\u00eda de frente qu\u00e9 es lo que quiere.<\/p>\n","protected":false},"excerpt":{"rendered":"<p>&#8220;Siempre estoy listo para dirigir la Selecci\u00f3n Mexicana.&#8221; Miguel Herrera no oculta la ilusi\u00f3n que tiene de regresar al banquillo de la Selecci\u00f3n Mexicana; sin embargo, respeta el proceso de Jaime Lozano, a pesar de quedar eliminado en la Fase de Grupos de la Copa Am\u00e9rica. Miguel Herrera se encuentra cubriendo la Copa Am\u00e9rica para [&hellip;]<\/p>\n","protected":false},"author":1,"featured_media":59208,"comment_status":"closed","ping_status":"closed","sticky":false,"template":"","format":"standard","meta":{"footnotes":""},"categories":[38,30],"tags":[],"class_list":["post-59206","post","type-post","status-publish","format-standard","has-post-thumbnail","hentry","category-deportes","category-destacado"],"_links":{"self":[{"href":"https:\/\/elinformante.mx\/index.php?rest_route=\/wp\/v2\/posts\/59206","targetHints":{"allow":["GET"]}}],"collection":[{"href":"https:\/\/elinformante.mx\/index.php?rest_route=\/wp\/v2\/posts"}],"about":[{"href":"https:\/\/elinformante.mx\/index.php?rest_route=\/wp\/v2\/types\/post"}],"author":[{"embeddable":true,"href":"https:\/\/elinformante.mx\/index.php?rest_route=\/wp\/v2\/users\/1"}],"replies":[{"embeddable":true,"href":"https:\/\/elinformante.mx\/index.php?rest_route=%2Fwp%2Fv2%2Fcomments&post=59206"}],"version-history":[{"count":0,"href":"https:\/\/elinformante.mx\/index.php?rest_route=\/wp\/v2\/posts\/59206\/revisions"}],"wp:featuredmedia":[{"embeddable":true,"href":"https:\/\/elinformante.mx\/index.php?rest_route=\/wp\/v2\/media\/59208"}],"wp:attachment":[{"href":"https:\/\/elinformante.mx\/index.php?rest_route=%2Fwp%2Fv2%2Fmedia&parent=59206"}],"wp:term":[{"taxonomy":"category","embeddable":true,"href":"https:\/\/elinformante.mx\/index.php?rest_route=%2Fwp%2Fv2%2Fcategories&post=59206"},{"taxonomy":"post_tag","embeddable":true,"href":"https:\/\/elinformante.mx\/index.php?rest_route=%2Fwp%2Fv2%2Ftags&post=59206"}],"curies":[{"name":"wp","href":"https:\/\/api.w.org\/{rel}","templated":true}]}}