{"id":59223,"date":"2024-07-12T06:23:52","date_gmt":"2024-07-12T12:23:52","guid":{"rendered":"https:\/\/elinformante.mx\/?p=59223"},"modified":"2024-07-12T06:34:13","modified_gmt":"2024-07-12T12:34:13","slug":"promover-el-desarrollo-humano-y-la-salud-mental-es-el-compromiso-de-la-faculta-de-ciencias-de-la-conducta-cebd","status":"publish","type":"post","link":"https:\/\/elinformante.mx\/?p=59223","title":{"rendered":"Promover el desarrollo humano y la salud mental es el compromiso de la Facultad de Ciencias de la Conducta: CEBD"},"content":{"rendered":"\n<blockquote class=\"wp-block-quote is-layout-flow wp-block-quote-is-layout-flow\">\n<p>Se han destacado las acreditaciones de cuatro programas de estudios ofertados, adem\u00e1s de promover actividades mediante el Centro de Estudios y Servicios Psicol\u00f3gicos Integrales.<\/p>\n<\/blockquote>\n\n\n\n<p>La Facultad de Ciencias de la Conducta de la UAEM\u00e9x forma profesionistas e investigadores dedicados a promover el desarrollo humano, la salud mental y emocional de las personas; adem\u00e1s del desarrollo social y comunitario, al igual que la pedagog\u00eda, la did\u00e1ctica y el bienestar f\u00edsico y motor de los seres humanos, destac\u00f3 el rector, Carlos Eduardo Barrera D\u00edaz, al encabezar el segundo informe de actividades de la directora de este organismo acad\u00e9mico, Gabriela Hern\u00e1ndez Vergara.<br><\/p>\n\n\n\n<p>Barrera D\u00edaz apunt\u00f3 que a trav\u00e9s del Centro de Estudios y Servicios Psicol\u00f3gicos Integrales (CECESPI se promueven actividades de prevenci\u00f3n y atenci\u00f3n a la salud mental de la poblaci\u00f3n. Durante el periodo que se informa se ofrecieron m\u00e1s de mil consultas cl\u00ednicas, 186 consultas educativas, 60 encefalogramas y 76 consultas psicol\u00f3gicas.<br><\/p>\n\n\n\n<p>Ante los miembros de los consejos acad\u00e9micos y de gobierno de la facultad, as\u00ed como estudiantes, docentes y trabajadores administrativos, destac\u00f3 que los cuatro programas de estudios que se ofertan est\u00e1n acreditados por su calidad acad\u00e9mica, prueba de ello es la obtenci\u00f3n del doble grado de la alumna Paloma Pacheco Romero derivado del convenio de colaboraci\u00f3n entre la Universidad Europea Miguel de Cervantes de Espa\u00f1a<br><\/p>\n\n\n\n<p>Enfatiz\u00f3 que el estudiantado obtuvo el primer lugar en las modalidades femenil y varonil en la categor\u00eda superior en las \u201cLigas Deportivas Universitarias\u201d 2023; adem\u00e1s, de obtener los primeros lugares en la categor\u00eda de Lucha Universitaria. Asimismo, destac\u00f3 la participaci\u00f3n de la alumna Marifer Noriega Medina qui\u00e9n obtuvo medalla de oro en los XIX Juegos Panamericanos de Santiago de Chile de 2023.<br><\/p>\n\n\n\n<figure class=\"wp-block-image size-large\"><img fetchpriority=\"high\" decoding=\"async\" width=\"1024\" height=\"503\" src=\"https:\/\/elinformante.mx\/wp-content\/uploads\/2024\/07\/10uaemex-2-2-1024x503.jpg\" alt=\"\" class=\"wp-image-59226\" srcset=\"https:\/\/elinformante.mx\/wp-content\/uploads\/2024\/07\/10uaemex-2-2-1024x503.jpg 1024w, https:\/\/elinformante.mx\/wp-content\/uploads\/2024\/07\/10uaemex-2-2-300x147.jpg 300w, https:\/\/elinformante.mx\/wp-content\/uploads\/2024\/07\/10uaemex-2-2-768x377.jpg 768w, https:\/\/elinformante.mx\/wp-content\/uploads\/2024\/07\/10uaemex-2-2-580x285.jpg 580w, https:\/\/elinformante.mx\/wp-content\/uploads\/2024\/07\/10uaemex-2-2-860x422.jpg 860w, https:\/\/elinformante.mx\/wp-content\/uploads\/2024\/07\/10uaemex-2-2.jpg 1140w\" sizes=\"(max-width: 1024px) 100vw, 1024px\" \/><\/figure>\n\n\n\n<p>Previo al informe, el rector de la UAEM\u00e9x coloc\u00f3 la primera piedra de tres aulas de tutor\u00edas, 12 cub\u00edculos para el profesorado de tiempo completo, una sala de lectura, un site de datos y un m\u00f3dulo de escaleras.<br><\/p>\n\n\n\n<p>Asimismo, hizo entrega del Laboratorio Digital de Idiomas equipado con 20 equipos de c\u00f3mputo, adem\u00e1s de 150 pupitres para el alumnado y 20 computadoras y 15 sillas para el personal administrativo, lo cual permitir\u00e1 fortalecer los procesos de atenci\u00f3n y ense\u00f1anza aprendizaje en este espacio universitario.<br><\/p>\n\n\n\n<p>Gabriela Hern\u00e1ndez Vergara destac\u00f3 que durante el periodo que se informa se llevaron a cabo 24 proyectos de investigaci\u00f3n y 110 productos acad\u00e9micos, del cual destaca el art\u00edculo publicado en Scopus \u201cJuventud universitaria y ciberacoso; antes y durante la pandemia de COVID-19\u201d. Tambi\u00e9n destac\u00f3 la realizaci\u00f3n de la primera feria del libro de la salud UAEM\u00e9x, en coordinaci\u00f3n con las Facultades de Medicina, Qu\u00edmica y Odontolog\u00eda.<br><\/p>\n\n\n\n<p>La servidora universitaria apunt\u00f3 que este espacio acad\u00e9mico ha tenido una gran participaci\u00f3n en la difusi\u00f3n de conocimientos en medios universitarios, en donde destaca la participaci\u00f3n de investigadoras en el proyecto de comunicaci\u00f3n \u201cMujeres en la Ciencia\u201d, as\u00ed como en la colaboraci\u00f3n con UniRadio 99.7 de FM.<\/p>\n","protected":false},"excerpt":{"rendered":"<p>Se han destacado las acreditaciones de cuatro programas de estudios ofertados, adem\u00e1s de promover actividades mediante el Centro de Estudios y Servicios Psicol\u00f3gicos Integrales. La Facultad de Ciencias de la Conducta de la UAEM\u00e9x forma profesionistas e investigadores dedicados a promover el desarrollo humano, la salud mental y emocional de las personas; adem\u00e1s del desarrollo [&hellip;]<\/p>\n","protected":false},"author":1,"featured_media":59225,"comment_status":"closed","ping_status":"closed","sticky":false,"template":"","format":"standard","meta":{"footnotes":""},"categories":[30,36],"tags":[],"class_list":["post-59223","post","type-post","status-publish","format-standard","has-post-thumbnail","hentry","category-destacado","category-edomex"],"_links":{"self":[{"href":"https:\/\/elinformante.mx\/index.php?rest_route=\/wp\/v2\/posts\/59223","targetHints":{"allow":["GET"]}}],"collection":[{"href":"https:\/\/elinformante.mx\/index.php?rest_route=\/wp\/v2\/posts"}],"about":[{"href":"https:\/\/elinformante.mx\/index.php?rest_route=\/wp\/v2\/types\/post"}],"author":[{"embeddable":true,"href":"https:\/\/elinformante.mx\/index.php?rest_route=\/wp\/v2\/users\/1"}],"replies":[{"embeddable":true,"href":"https:\/\/elinformante.mx\/index.php?rest_route=%2Fwp%2Fv2%2Fcomments&post=59223"}],"version-history":[{"count":0,"href":"https:\/\/elinformante.mx\/index.php?rest_route=\/wp\/v2\/posts\/59223\/revisions"}],"wp:featuredmedia":[{"embeddable":true,"href":"https:\/\/elinformante.mx\/index.php?rest_route=\/wp\/v2\/media\/59225"}],"wp:attachment":[{"href":"https:\/\/elinformante.mx\/index.php?rest_route=%2Fwp%2Fv2%2Fmedia&parent=59223"}],"wp:term":[{"taxonomy":"category","embeddable":true,"href":"https:\/\/elinformante.mx\/index.php?rest_route=%2Fwp%2Fv2%2Fcategories&post=59223"},{"taxonomy":"post_tag","embeddable":true,"href":"https:\/\/elinformante.mx\/index.php?rest_route=%2Fwp%2Fv2%2Ftags&post=59223"}],"curies":[{"name":"wp","href":"https:\/\/api.w.org\/{rel}","templated":true}]}}