{"id":59277,"date":"2024-07-12T07:14:11","date_gmt":"2024-07-12T13:14:11","guid":{"rendered":"https:\/\/elinformante.mx\/?p=59277"},"modified":"2024-07-12T07:14:11","modified_gmt":"2024-07-12T13:14:11","slug":"aumentan-mexico-y-estados-unidos-los-aranceles-de-acero-y-aluminio","status":"publish","type":"post","link":"https:\/\/elinformante.mx\/?p=59277","title":{"rendered":"Aumentan M\u00e9xico y Estados Unidos los aranceles de acero y aluminio"},"content":{"rendered":"\n<blockquote class=\"wp-block-quote is-layout-flow wp-block-quote-is-layout-flow\">\n<p>El presidente Andr\u00e9s Manuel L\u00f3pez Obrador destac\u00f3 como positivas las reglas arancelarias m\u00e1s estrictas.<\/p>\n<\/blockquote>\n\n\n\n<p>Estados Unidos y M\u00e9xico acordaron una serie de medidas para proteger la cadena de suministro del acero y el aluminio en Am\u00e9rica del Norte con una subida de aranceles para frenar que pa\u00edses como China puedan introducir estos materiales en territorio estadounidense.<br><\/p>\n\n\n\n<p>Ambos pa\u00edses acordaron nuevos requisitos para garantizar y proteger que el acero que llega de M\u00e9xico obtenga beneficios libres de impuestos solo si se funde y vierte en M\u00e9xico, Estados Unidos o Canad\u00e1.<br><\/p>\n\n\n\n<p>En caso de que no procedan de M\u00e9xico, los productos enfrentar\u00e1n aranceles del 25%, inform\u00f3 la Oficina de prensa de la Casa Blanca.<br><\/p>\n\n\n\n<p>De manera similar, aquellas importaciones de aluminio de M\u00e9xico que contengan\u201caluminio primario fundido o moldeado en China, Bielorrusia, Ir\u00e1n o Rusia recibir\u00e1n un arancel del 10%.<br><\/p>\n\n\n\n<p>Estas acciones conjuntas ayudar\u00e1n a garantizar la viabilidad a largo plazo de nuestras industrias del acero y el aluminio y la integridad de la integraci\u00f3n del mercado del acero y el aluminio en Am\u00e9rica del Norte, dijo por su parte en un comunicado la representante comercial de Estados Unidos, Katherine Tai.<br><\/p>\n\n\n\n<p>Estados Unidos trata con este acuerdo de poner freno a la entrada de acero y aluminio procedente de China a trav\u00e9s de M\u00e9xico, una acci\u00f3n que burla los aranceles que Washington aplica sobre esos materiales.<br><\/p>\n\n\n\n<p>La decisi\u00f3n de trabajar con el Gobierno de Andr\u00e9s Manuel L\u00f3pez Obrador para impedir que China introduzca acero y aluminio en Estados Unidos a trav\u00e9s de M\u00e9xico, burlando as\u00ed los aranceles que Washington impone sobre esos materiales, hab\u00eda sido avanzada por el presidente estadounidense, Joe Biden, a mediados del pasado abril.<\/p>\n","protected":false},"excerpt":{"rendered":"<p>El presidente Andr\u00e9s Manuel L\u00f3pez Obrador destac\u00f3 como positivas las reglas arancelarias m\u00e1s estrictas. Estados Unidos y M\u00e9xico acordaron una serie de medidas para proteger la cadena de suministro del acero y el aluminio en Am\u00e9rica del Norte con una subida de aranceles para frenar que pa\u00edses como China puedan introducir estos materiales en territorio [&hellip;]<\/p>\n","protected":false},"author":1,"featured_media":59278,"comment_status":"closed","ping_status":"closed","sticky":false,"template":"","format":"standard","meta":{"footnotes":""},"categories":[34],"tags":[],"class_list":["post-59277","post","type-post","status-publish","format-standard","has-post-thumbnail","hentry","category-nacional"],"_links":{"self":[{"href":"https:\/\/elinformante.mx\/index.php?rest_route=\/wp\/v2\/posts\/59277","targetHints":{"allow":["GET"]}}],"collection":[{"href":"https:\/\/elinformante.mx\/index.php?rest_route=\/wp\/v2\/posts"}],"about":[{"href":"https:\/\/elinformante.mx\/index.php?rest_route=\/wp\/v2\/types\/post"}],"author":[{"embeddable":true,"href":"https:\/\/elinformante.mx\/index.php?rest_route=\/wp\/v2\/users\/1"}],"replies":[{"embeddable":true,"href":"https:\/\/elinformante.mx\/index.php?rest_route=%2Fwp%2Fv2%2Fcomments&post=59277"}],"version-history":[{"count":0,"href":"https:\/\/elinformante.mx\/index.php?rest_route=\/wp\/v2\/posts\/59277\/revisions"}],"wp:featuredmedia":[{"embeddable":true,"href":"https:\/\/elinformante.mx\/index.php?rest_route=\/wp\/v2\/media\/59278"}],"wp:attachment":[{"href":"https:\/\/elinformante.mx\/index.php?rest_route=%2Fwp%2Fv2%2Fmedia&parent=59277"}],"wp:term":[{"taxonomy":"category","embeddable":true,"href":"https:\/\/elinformante.mx\/index.php?rest_route=%2Fwp%2Fv2%2Fcategories&post=59277"},{"taxonomy":"post_tag","embeddable":true,"href":"https:\/\/elinformante.mx\/index.php?rest_route=%2Fwp%2Fv2%2Ftags&post=59277"}],"curies":[{"name":"wp","href":"https:\/\/api.w.org\/{rel}","templated":true}]}}