{"id":59302,"date":"2024-07-12T07:37:54","date_gmt":"2024-07-12T13:37:54","guid":{"rendered":"https:\/\/elinformante.mx\/?p=59302"},"modified":"2024-07-12T07:37:56","modified_gmt":"2024-07-12T13:37:56","slug":"sheinbaum-nombra-a-lazaro-cardenas-batel-como-jefe-de-la-oficina-de-la-presidencia","status":"publish","type":"post","link":"https:\/\/elinformante.mx\/?p=59302","title":{"rendered":"SHEINBAUM NOMBRA A L\u00c1ZARO C\u00c1RDENAS BATEL COMO JEFE DE LA OFICINA DE LA PRESIDENCIA"},"content":{"rendered":"\n<blockquote class=\"wp-block-quote is-layout-flow wp-block-quote-is-layout-flow\">\n<p>Sheinbaum present\u00f3 un cargo \u00fanico durante su conferencia, a pesar de que se hab\u00eda anticipado el nombramiento de otras tres Secretar\u00edas: Cultura, Turismo y Trabajo.<\/p>\n<\/blockquote>\n\n\n\n<p>Claudia Sheinbaum Pardo, virtual presidente electa de M\u00e9xico, anunci\u00f3 a un nuevo miembro de su gabinete presidencial, con el que buscar\u00e1 dar seguimiento al proyecto de la Cuarta Transformaci\u00f3n, encabezado por el actual presidente Andr\u00e9s Manuel L\u00f3pez Obrador.<br><\/p>\n\n\n\n<p>L\u00e1zaro C\u00e1rdenas Batel ser\u00e1 el jefe de Oficina de la Presidencia de la Rep\u00fablica Mexicana, tras una trayectoria de trabajo junto a la oficialista, siendo su \u00faltimo cargo la Asesor\u00eda Especial de la Presidencia del Presidente para la Comunidad de Estados Latinoamericanos y Caribe\u00f1os (Celac).<br><\/p>\n\n\n\n<p>Asimismo, C\u00e1rdenas Batel ha sido Miembro del Consejo directivo de WOLA (Washington Office on Latin America), organizaci\u00f3n no gubernamental dedicada a la promoci\u00f3n de los derechos humanos en Am\u00e9rica Latina.<br><\/p>\n\n\n\n<figure class=\"wp-block-image size-large\"><img fetchpriority=\"high\" decoding=\"async\" width=\"1024\" height=\"503\" src=\"https:\/\/elinformante.mx\/wp-content\/uploads\/2024\/07\/sheinbaum-2-1024x503.jpg\" alt=\"\" class=\"wp-image-59304\" srcset=\"https:\/\/elinformante.mx\/wp-content\/uploads\/2024\/07\/sheinbaum-2-1024x503.jpg 1024w, https:\/\/elinformante.mx\/wp-content\/uploads\/2024\/07\/sheinbaum-2-300x147.jpg 300w, https:\/\/elinformante.mx\/wp-content\/uploads\/2024\/07\/sheinbaum-2-768x377.jpg 768w, https:\/\/elinformante.mx\/wp-content\/uploads\/2024\/07\/sheinbaum-2-580x285.jpg 580w, https:\/\/elinformante.mx\/wp-content\/uploads\/2024\/07\/sheinbaum-2-860x422.jpg 860w, https:\/\/elinformante.mx\/wp-content\/uploads\/2024\/07\/sheinbaum-2.jpg 1140w\" sizes=\"(max-width: 1024px) 100vw, 1024px\" \/><\/figure>\n\n\n\n<p>Tambi\u00e9n se desempe\u00f1\u00f3 como integrante del Grupo de An\u00e1lisis Pol\u00edtico de la Secretaria General de la Organizaci\u00f3n de Estados Americanos y jefe de Misi\u00f3n de Observaci\u00f3n Electoral de la OEA en Nicaragua, Ecuador y Uruguay, gobernador Constitucional del Estado de Michoac\u00e1n de Ocampo, senador por Michoac\u00e1n y diputado federal por el XII distrito, con sede en Apatzing\u00e1n.<br><\/p>\n\n\n\n<p>\u201cLo conozco desde hace much\u00edsimos a\u00f1os, ha desempe\u00f1ado cargos important\u00edsimos. Ayudar\u00e1 con temas de gobierno y con la relaci\u00f3n con distintos sectores\u201d, afirm\u00f3 Sheinbaum.<br><\/p>\n\n\n\n<figure class=\"wp-block-image size-large\"><img decoding=\"async\" width=\"1024\" height=\"503\" src=\"https:\/\/elinformante.mx\/wp-content\/uploads\/2024\/07\/sheinbaum-4-1024x503.jpg\" alt=\"\" class=\"wp-image-59306\" srcset=\"https:\/\/elinformante.mx\/wp-content\/uploads\/2024\/07\/sheinbaum-4-1024x503.jpg 1024w, https:\/\/elinformante.mx\/wp-content\/uploads\/2024\/07\/sheinbaum-4-300x147.jpg 300w, https:\/\/elinformante.mx\/wp-content\/uploads\/2024\/07\/sheinbaum-4-768x377.jpg 768w, https:\/\/elinformante.mx\/wp-content\/uploads\/2024\/07\/sheinbaum-4-580x285.jpg 580w, https:\/\/elinformante.mx\/wp-content\/uploads\/2024\/07\/sheinbaum-4-860x422.jpg 860w, https:\/\/elinformante.mx\/wp-content\/uploads\/2024\/07\/sheinbaum-4.jpg 1140w\" sizes=\"(max-width: 1024px) 100vw, 1024px\" \/><\/figure>\n\n\n\n<p>C\u00e1rdenas dijo ser\u00e1 un honor acompa\u00f1ar de cerca a quien ser\u00e1 la primera presidenta en la historia del pa\u00eds, hito que recalc\u00f3 m\u00e1s de una ocasi\u00f3n. \u201cMe honra participar en el equipo de la doctora Sheinbaum. Seguro que habr\u00e1 de estar a la altura de la gran responsabilidad que le corresponde\u201c.<br><\/p>\n\n\n\n<p>Es un espacio cercano, un espacio que implica confianza, y un espacio desde el que creo podemos seguir aportando al pa\u00eds.<br><\/p>\n\n\n\n<p>uestionado sobre su separaci\u00f3n del gobierno federal en 2023, cuando dej\u00f3 su cargo en el gabinete de AMLO, C\u00e1rdenas Batel afirm\u00f3 que no fue por una ruptura y \u00e9l nunca se ha ido. El motivo de su salida explic\u00f3 fue participar en la Celac, que dijo es muy importante de atender, por lo que decidi\u00f3 aceptar.<br><\/p>\n\n\n\n<figure class=\"wp-block-image size-large\"><img decoding=\"async\" width=\"1024\" height=\"503\" src=\"https:\/\/elinformante.mx\/wp-content\/uploads\/2024\/07\/sheinbaum-3-1024x503.jpg\" alt=\"\" class=\"wp-image-59305\" srcset=\"https:\/\/elinformante.mx\/wp-content\/uploads\/2024\/07\/sheinbaum-3-1024x503.jpg 1024w, https:\/\/elinformante.mx\/wp-content\/uploads\/2024\/07\/sheinbaum-3-300x147.jpg 300w, https:\/\/elinformante.mx\/wp-content\/uploads\/2024\/07\/sheinbaum-3-768x377.jpg 768w, https:\/\/elinformante.mx\/wp-content\/uploads\/2024\/07\/sheinbaum-3-580x285.jpg 580w, https:\/\/elinformante.mx\/wp-content\/uploads\/2024\/07\/sheinbaum-3-860x422.jpg 860w, https:\/\/elinformante.mx\/wp-content\/uploads\/2024\/07\/sheinbaum-3.jpg 1140w\" sizes=\"(max-width: 1024px) 100vw, 1024px\" \/><\/figure>\n\n\n\n<p>En cuanto a si se reunir\u00eda con miembros de la oposici\u00f3n para discutir diversos temas, afirm\u00f3 que ser\u00e1 lo que ella indique y cuando sea necesario.<br><\/p>\n\n\n\n<p>Sheinbaum fue cuestionada si ya hab\u00eda conversado con Cuauht\u00e9moc C\u00e1rdenas Sol\u00f3rzano sobre la integraci\u00f3n de su hijo al gabinete, la mandataria afirm\u00f3 que ambos se conocen bien y se han mostrado apoyo mutuo en varias ocasiones.<br><\/p>\n\n\n\n<p>\u201cLos dos ya somos adultos, no tenemos que consultar con nuestras mam\u00e1s y pap\u00e1s\u201d<\/p>\n","protected":false},"excerpt":{"rendered":"<p>Sheinbaum present\u00f3 un cargo \u00fanico durante su conferencia, a pesar de que se hab\u00eda anticipado el nombramiento de otras tres Secretar\u00edas: Cultura, Turismo y Trabajo. Claudia Sheinbaum Pardo, virtual presidente electa de M\u00e9xico, anunci\u00f3 a un nuevo miembro de su gabinete presidencial, con el que buscar\u00e1 dar seguimiento al proyecto de la Cuarta Transformaci\u00f3n, encabezado [&hellip;]<\/p>\n","protected":false},"author":1,"featured_media":59303,"comment_status":"closed","ping_status":"closed","sticky":false,"template":"","format":"standard","meta":{"footnotes":""},"categories":[30,34,31],"tags":[],"class_list":["post-59302","post","type-post","status-publish","format-standard","has-post-thumbnail","hentry","category-destacado","category-nacional","category-portada"],"_links":{"self":[{"href":"https:\/\/elinformante.mx\/index.php?rest_route=\/wp\/v2\/posts\/59302","targetHints":{"allow":["GET"]}}],"collection":[{"href":"https:\/\/elinformante.mx\/index.php?rest_route=\/wp\/v2\/posts"}],"about":[{"href":"https:\/\/elinformante.mx\/index.php?rest_route=\/wp\/v2\/types\/post"}],"author":[{"embeddable":true,"href":"https:\/\/elinformante.mx\/index.php?rest_route=\/wp\/v2\/users\/1"}],"replies":[{"embeddable":true,"href":"https:\/\/elinformante.mx\/index.php?rest_route=%2Fwp%2Fv2%2Fcomments&post=59302"}],"version-history":[{"count":0,"href":"https:\/\/elinformante.mx\/index.php?rest_route=\/wp\/v2\/posts\/59302\/revisions"}],"wp:featuredmedia":[{"embeddable":true,"href":"https:\/\/elinformante.mx\/index.php?rest_route=\/wp\/v2\/media\/59303"}],"wp:attachment":[{"href":"https:\/\/elinformante.mx\/index.php?rest_route=%2Fwp%2Fv2%2Fmedia&parent=59302"}],"wp:term":[{"taxonomy":"category","embeddable":true,"href":"https:\/\/elinformante.mx\/index.php?rest_route=%2Fwp%2Fv2%2Fcategories&post=59302"},{"taxonomy":"post_tag","embeddable":true,"href":"https:\/\/elinformante.mx\/index.php?rest_route=%2Fwp%2Fv2%2Ftags&post=59302"}],"curies":[{"name":"wp","href":"https:\/\/api.w.org\/{rel}","templated":true}]}}